{"id":883,"date":"2023-11-21T13:07:30","date_gmt":"2023-11-21T13:07:30","guid":{"rendered":"https:\/\/startersites.io\/blocksy\/daily-news\/?p=883"},"modified":"2025-10-31T12:03:34","modified_gmt":"2025-10-31T12:03:34","slug":"robert-oppenheimer-kimdir-icatlari-ve-hayati","status":"publish","type":"post","link":"https:\/\/skywolt.com\/ro\/elektrik-tarihi\/robert-oppenheimer-kimdir-icatlari-ve-hayati\/","title":{"rendered":"Robert Oppenheimer Kimdir? \u0130catlar\u0131 ve Hayat\u0131"},"content":{"rendered":"<div class=\"wp-block-greenshift-blocks-toc gs-toc gspb_toc-id-gsbp-479e7bf\" id=\"gspb_toc-id-gsbp-479e7bf\" itemscope itemtype=\"\"><div class=\"gs-autolist\"><div class=\"gs-autolist-item\" itemscope><span class=\"gs-autolist-number\">1<\/span><span class=\"gs-autolist-title\"><meta itemprop=\"name\" content=\"Robert Oppenheimer Kimdir?\"\/><a class=\"gs-scrollto\" href=\"#robert-oppenheimer-kimdir\">Robert Oppenheimer Kimdir?<\/a><\/span><\/div><div class=\"gs-autolist-item\" itemscope><span class=\"gs-autolist-number\">2<\/span><span class=\"gs-autolist-title\"><meta itemprop=\"name\" content=\"Oppenheimer\u2019\u0131n Hayat\u0131 ve Akademik Ge\u00e7mi\u015fi &nbsp; &nbsp; &nbsp; &nbsp; &nbsp; &nbsp;\"\/><a class=\"gs-scrollto\" href=\"#oppenheimer-in-hayati-ve-akademik-gecmisi\">Oppenheimer\u2019\u0131n Hayat\u0131 ve Akademik Ge\u00e7mi\u015fi &nbsp; &nbsp; &nbsp; &nbsp; &nbsp; &nbsp;<\/a><\/span><\/div><div class=\"gs-autolist-item\" itemscope><span class=\"gs-autolist-number\">3<\/span><span class=\"gs-autolist-title\"><meta itemprop=\"name\" content=\"Manhattan Projesi ve Atom Bombas\u0131n\u0131n Geli\u015fimi\"\/><a class=\"gs-scrollto\" href=\"#manhattan-projesi-ve-atom-bombasinin-gelisimi\">Manhattan Projesi ve Atom Bombas\u0131n\u0131n Geli\u015fimi<\/a><\/span><\/div><div class=\"gs-autolist-item\" itemscope><span class=\"gs-autolist-number\">4<\/span><span class=\"gs-autolist-title\"><meta itemprop=\"name\" content=\"Los Alamos Laboratuvar\u0131\u2019n\u0131n Ba\u015f\u0131na Ge\u00e7i\u015fi\"\/><a class=\"gs-scrollto\" href=\"#los-alamos-laboratuvari-nin-basina-gecisi\">Los Alamos Laboratuvar\u0131\u2019n\u0131n Ba\u015f\u0131na Ge\u00e7i\u015fi<\/a><\/span><\/div><div class=\"gs-autolist-item\" itemscope><span class=\"gs-autolist-number\">5<\/span><span class=\"gs-autolist-title\"><meta itemprop=\"name\" content=\"Trinity Deneyi ve \u0130lk N\u00fckleer Patlama\"\/><a class=\"gs-scrollto\" href=\"#trinity-deneyi-ve-ilk-nukleer-patlama\">Trinity Deneyi ve \u0130lk N\u00fckleer Patlama<\/a><\/span><\/div><div class=\"gs-autolist-item\" itemscope><span class=\"gs-autolist-number\">6<\/span><span class=\"gs-autolist-title\"><meta itemprop=\"name\" content=\"Hiro\u015fima ve Nagasaki Sonras\u0131 Siyasi ve Etik Tepkileri\"\/><a class=\"gs-scrollto\" href=\"#hirosima-ve-nagasaki-sonrasi-siyasi-ve-etik-tepkileri\">Hiro\u015fima ve Nagasaki Sonras\u0131 Siyasi ve Etik Tepkileri<\/a><\/span><\/div><div class=\"gs-autolist-item\" itemscope><span class=\"gs-autolist-number\">7<\/span><span class=\"gs-autolist-title\"><meta itemprop=\"name\" content=\"Oppenheimer\u2019\u0131n Bilimsel Katk\u0131lar\u0131 ve Ara\u015ft\u0131rma Alanlar\u0131\"\/><a class=\"gs-scrollto\" href=\"#oppenheimer-in-bilimsel-katkilari-ve-arastirma-alanlari\">Oppenheimer\u2019\u0131n Bilimsel Katk\u0131lar\u0131 ve Ara\u015ft\u0131rma Alanlar\u0131<\/a><\/span><\/div><div class=\"gs-autolist-item\" itemscope><span class=\"gs-autolist-number\">8<\/span><span class=\"gs-autolist-title\"><meta itemprop=\"name\" content=\"Robert Oppenheimer\u2019\u0131n Etik Yakla\u015f\u0131m\u0131 ve Felsefi Duru\u015fu\"\/><a class=\"gs-scrollto\" href=\"#robert-oppenheimer-in-etik-yaklasimi-ve-felsefi-durusu\">Robert Oppenheimer\u2019\u0131n Etik Yakla\u015f\u0131m\u0131 ve Felsefi Duru\u015fu<\/a><\/span><\/div><div class=\"gs-autolist-item\" itemscope><span class=\"gs-autolist-number\">9<\/span><span class=\"gs-autolist-title\"><meta itemprop=\"name\" content=\"Oppenheimer\u2019\u0131n Modern Bilime ve Politikaya Etkisi\"\/><a class=\"gs-scrollto\" href=\"#oppenheimer-in-modern-bilime-ve-politikaya-etkisi\">Oppenheimer\u2019\u0131n Modern Bilime ve Politikaya Etkisi<\/a><\/span><\/div><div class=\"gs-autolist-item\" itemscope><span class=\"gs-autolist-number\">10<\/span><span class=\"gs-autolist-title\"><meta itemprop=\"name\" content=\"Robert Oppenheimer Hakk\u0131nda \u00c7ok Bilinmeyen Bilgiler\"\/><a class=\"gs-scrollto\" href=\"#robert-oppenheimer-hakkinda-cok-bilinmeyen-bilgiler\">Robert Oppenheimer Hakk\u0131nda \u00c7ok Bilinmeyen Bilgiler<\/a><\/span><\/div><div class=\"gs-autolist-item\" itemscope><span class=\"gs-autolist-number\">11<\/span><span class=\"gs-autolist-title\"><meta itemprop=\"name\" content=\"Robert Oppenheimer\u2019\u0131n Bilime, Sava\u015fa ve Topluma B\u0131rakt\u0131\u011f\u0131 Miras\"\/><a class=\"gs-scrollto\" href=\"#robert-oppenheimer-in-bilime-savasa-ve-topluma-biraktigi-miras\">Robert Oppenheimer\u2019\u0131n Bilime, Sava\u015fa ve Topluma B\u0131rakt\u0131\u011f\u0131 Miras<\/a><\/span><\/div><\/div><\/div>\n\n\n\n<h2 class=\"wp-block-heading\" id=\"robert-oppenheimer-kimdir\">Robert Oppenheimer Kimdir?<\/h2>\n\n\n\n<p><strong>Atom bombas\u0131n\u0131 kim buldu<\/strong>? sorusuna cevap ararken kar\u015f\u0131m\u0131za \u00e7\u0131kan <strong>Julius Robert Oppenheimer<\/strong> (22 Nisan 1904 \u2013 18 \u015eubat 1967), II. D\u00fcnya Sava\u015f\u0131 d\u00f6neminde Los Alamos Laboratuvar\u0131\u2019n\u0131n ba\u015fkanl\u0131\u011f\u0131n\u0131 \u00fcstlenen Amerikal\u0131 bir teorik fizik\u00e7iydi. Manhattan Projesi kapsam\u0131nda y\u00fcr\u00fct\u00fclen ve ilk n\u00fckleer silahlar\u0131n geli\u015ftirilmesine \u00f6nc\u00fcl\u00fck eden \u00e7al\u0131\u015fmalardaki rol\u00fc nedeniyle s\u0131kl\u0131kla \u201catom bombas\u0131n\u0131n babas\u0131\u201d olarak adland\u0131r\u0131lm\u0131\u015ft\u0131r.<\/p>\n\n\n\n<h2 class=\"wp-block-heading\" id=\"oppenheimer-in-hayati-ve-akademik-gecmisi\">Oppenheimer\u2019\u0131n Hayat\u0131 ve Akademik Ge\u00e7mi\u015fi &nbsp; &nbsp; &nbsp; &nbsp; &nbsp; &nbsp;<\/h2>\n\n\n\n<figure class=\"wp-block-image size-full\"><img loading=\"lazy\" decoding=\"async\" width=\"750\" height=\"422\" src=\"https:\/\/skywolt.com\/wp-content\/uploads\/2023\/11\/robert-oppenheimer.webp\" alt=\"\" class=\"wp-image-945\" srcset=\"https:\/\/skywolt.com\/wp-content\/uploads\/2023\/11\/robert-oppenheimer.webp 750w, https:\/\/skywolt.com\/wp-content\/uploads\/2023\/11\/robert-oppenheimer-300x169.webp 300w, https:\/\/skywolt.com\/wp-content\/uploads\/2023\/11\/robert-oppenheimer-18x10.webp 18w\" sizes=\"auto, (max-width: 750px) 100vw, 750px\" \/><\/figure>\n\n\n\n<p>New York\u2019ta Alman-Yahudi k\u00f6kenli bir ailenin \u00e7ocu\u011fu olarak d\u00fcnyaya gelen Oppenheimer, 1925 y\u0131l\u0131nda Harvard \u00dcniversitesi\u2019nden lisans diplomas\u0131n\u0131 ald\u0131. Ard\u0131ndan 1927\u2019de Almanya\u2019da G\u00f6ttingen \u00dcniversitesi\u2019nde doktora e\u011fitimini tamamlad\u0131. Daha sonraki y\u0131llarda farkl\u0131 kurumlarda bilimsel ara\u015ft\u0131rmalar y\u00fcr\u00fctt\u00fc ve 1936\u2019da Kaliforniya \u00dcniversitesi Berkeley kamp\u00fcs\u00fcnde fizik profes\u00f6r\u00fc oldu.<\/p>\n\n\n\n<p><strong>Oppenheimer hayat\u0131<\/strong> boyunca Teorik fizi\u011fe olduk\u00e7a fazla katk\u0131da bulunmu\u015ftur. Molek\u00fcler dalga fonksiyonlar\u0131 i\u00e7in geli\u015ftirilmi\u015f Born-Oppenheimer Yakla\u015f\u0131m\u0131, elektron-pozitron teorisine dair incelemeler, n\u00fckleer f\u00fczyon s\u00fcrecinde tan\u0131mlanan Oppenheimer-Phillips mekanizmas\u0131 ve kuantum t\u00fcnelleme olgusunun \u00f6ng\u00f6r\u00fclmesi bu katk\u0131lar aras\u0131nda \u00f6ne \u00e7\u0131kar. Ayr\u0131ca \u00f6\u011frencileriyle birlikte n\u00f6tron y\u0131ld\u0131zlar\u0131 ile kara deliklerin olu\u015fumuna dair kuramsal yakla\u015f\u0131mlar geli\u015ftirdi; kuantum alan teorisi ve kozmik \u0131\u015f\u0131nlar\u0131n maddeyle etkile\u015fimi \u00fczerine de \u00f6nemli \u00e7al\u0131\u015fmalar yapt\u0131.<\/p>\n\n\n\n<h2 class=\"wp-block-heading\" id=\"manhattan-projesi-ve-atom-bombasinin-gelisimi\">Manhattan Projesi ve Atom Bombas\u0131n\u0131n Geli\u015fimi<\/h2>\n\n\n\n<p><strong>Oppenheimer hikayesi<\/strong> incelenirken onun en kritik d\u00f6n\u00fcm noktas\u0131 II. D\u00fcnya Sava\u015f\u0131 y\u0131llar\u0131nda ger\u00e7ekle\u015fmi\u015ftir. 1939\u2019da Albert Einstein ve Le\u00f3 Szil\u00e1rd\u2019\u0131n ABD Ba\u015fkan\u0131\u2019na g\u00f6nderdi\u011fi mektupla temelleri at\u0131lan Manhattan Projesi, Amerika\u2019n\u0131n atom bombas\u0131 \u00fcretme giri\u015fimiydi. <strong>Atom bombas\u0131n\u0131n mucidi<\/strong> olan Oppenheimer, bu dev projenin ba\u015f\u0131na getirilerek New Mexico eyaletinde kurulan Los Alamos ara\u015ft\u0131rma merkezinde ekibini y\u00f6netti.<\/p>\n\n\n\n<figure class=\"wp-block-image size-full\"><img loading=\"lazy\" decoding=\"async\" width=\"960\" height=\"540\" src=\"https:\/\/skywolt.com\/wp-content\/uploads\/2023\/11\/robert-oppenhaimer-kimdir.jpg\" alt=\"\" class=\"wp-image-946\" srcset=\"https:\/\/skywolt.com\/wp-content\/uploads\/2023\/11\/robert-oppenhaimer-kimdir.jpg 960w, https:\/\/skywolt.com\/wp-content\/uploads\/2023\/11\/robert-oppenhaimer-kimdir-300x169.jpg 300w, https:\/\/skywolt.com\/wp-content\/uploads\/2023\/11\/robert-oppenhaimer-kimdir-768x432.jpg 768w, https:\/\/skywolt.com\/wp-content\/uploads\/2023\/11\/robert-oppenhaimer-kimdir-18x10.jpg 18w\" sizes=\"auto, (max-width: 960px) 100vw, 960px\" \/><\/figure>\n\n\n\n<p>1945 y\u0131l\u0131na gelindi\u011finde Manhattan Projesi\u2019nin en dikkat \u00e7ekici a\u015famas\u0131 olan \u201cTrinity deneyi\u201d ger\u00e7ekle\u015ftirildi. Alamogordo, New Mexico\u2019da yap\u0131lan bu test, insanl\u0131k tarihindeki en sars\u0131c\u0131 ve ayn\u0131 zamanda en \u00fcrk\u00fct\u00fcc\u00fc bilimsel deneylerden biri olarak kay\u0131tlara ge\u00e7ti.<\/p>\n\n\n\n<h2 class=\"wp-block-heading\" id=\"los-alamos-laboratuvari-nin-basina-gecisi\">Los Alamos Laboratuvar\u0131\u2019n\u0131n Ba\u015f\u0131na Ge\u00e7i\u015fi<\/h2>\n\n\n\n<p>1942\u2019de, II. D\u00fcnya Sava\u015f\u0131 s\u00fcrerken Amerika Birle\u015fik Devletleri ordusu \u201cManhattan Projesi\u201d ad\u0131yla bilinen gizli atom bombas\u0131 geli\u015ftirme program\u0131n\u0131 ba\u015flatt\u0131. Projenin asker\u00ee sorumlusu olarak Tu\u011fgeneral Leslie Groves g\u00f6revlendirildi. Groves, 1943 y\u0131l\u0131nda Los Alamos Laboratuvar\u0131\u2019n\u0131n bilimsel direkt\u00f6rl\u00fc\u011f\u00fc i\u00e7in Robert Oppenheimer\u2019\u0131 se\u00e7ti.<\/p>\n\n\n\n<p>Bu karar pek \u00e7ok ki\u015fiyi \u015fa\u015f\u0131rtt\u0131. \u00c7\u00fcnk\u00fc Oppenheimer hen\u00fcz Nobel \u00d6d\u00fcl\u00fc kazanm\u0131\u015f bir bilim insan\u0131 de\u011fildi ve sol g\u00f6r\u00fc\u015fl\u00fc siyasi \u00e7evrelerle olan ge\u00e7mi\u015fi g\u00fcvenlik soru\u015fturmalar\u0131n\u0131 beraberinde getiriyordu. Buna ra\u011fmen Groves, Oppenheimer\u2019\u0131n geni\u015f bilimsel birikimi, liderlik yetene\u011fi ve projeyi ba\u015far\u0131ya ula\u015ft\u0131racak kadar g\u00fc\u00e7l\u00fc bir h\u0131rsa sahip oldu\u011funu d\u00fc\u015f\u00fcnd\u00fc\u011f\u00fc i\u00e7in bu kritik g\u00f6revi ona vermeyi tercih etti.<\/p>\n\n\n\n<h2 class=\"wp-block-heading\" id=\"trinity-deneyi-ve-ilk-nukleer-patlama\">Trinity Deneyi ve \u0130lk N\u00fckleer Patlama<\/h2>\n\n\n\n<p>16 Temmuz 1945 sabah\u0131\u2026 Alamogordo, New Mexico \u00e7\u00f6l\u00fcnde, tarihe ge\u00e7ecek anlardan biri ya\u015fanmak \u00fczereydi. Bir grup se\u00e7kin bilim insan\u0131 ve m\u00fchendis, insanl\u0131k tarihinin en \u00e7arp\u0131c\u0131 deneylerinden biri olan Trinity testini ger\u00e7ekle\u015ftirmek i\u00e7in haz\u0131rl\u0131klar\u0131n\u0131 tamamlam\u0131\u015ft\u0131. Bu tarihi an\u0131n en \u00f6nemli fig\u00fcrlerinden biri de Robert Oppenheimer\u2019d\u0131.<\/p>\n\n\n\n<figure class=\"wp-block-image size-large\"><img loading=\"lazy\" decoding=\"async\" width=\"1024\" height=\"524\" src=\"https:\/\/skywolt.com\/wp-content\/uploads\/2023\/11\/manhattan-project-1024x524.webp\" alt=\"\" class=\"wp-image-948\" srcset=\"https:\/\/skywolt.com\/wp-content\/uploads\/2023\/11\/manhattan-project-1024x524.webp 1024w, https:\/\/skywolt.com\/wp-content\/uploads\/2023\/11\/manhattan-project-300x153.webp 300w, https:\/\/skywolt.com\/wp-content\/uploads\/2023\/11\/manhattan-project-768x393.webp 768w, https:\/\/skywolt.com\/wp-content\/uploads\/2023\/11\/manhattan-project-1536x785.webp 1536w, https:\/\/skywolt.com\/wp-content\/uploads\/2023\/11\/manhattan-project-18x9.webp 18w, https:\/\/skywolt.com\/wp-content\/uploads\/2023\/11\/manhattan-project.webp 1600w\" sizes=\"auto, (max-width: 1024px) 100vw, 1024px\" \/><\/figure>\n\n\n\n<p>Oppenheimer, Manhattan Projesi\u2019nin lideri olarak atom bombas\u0131n\u0131n geli\u015ftirilmesinde kilit rol oynam\u0131\u015ft\u0131. Ancak projenin en kritik a\u015famas\u0131, bu silah\u0131n ilk kez denenmesiydi. \u00c7\u00f6lde kurulan deney alan\u0131nda bomba, y\u00fckseltilmi\u015f bir \u00e7elik kuleye yerle\u015ftirilmi\u015fti. Kontrol merkezinde, b\u00fcy\u00fck bir gerginlik ve heyecan h\u00e2kimdi. Herkes patlamay\u0131 beklerken Oppenheimer son kontrolleri dikkatle yap\u0131yordu.<\/p>\n\n\n\n<p>Patlama ger\u00e7ekle\u015fti\u011finde, g\u00f6z kama\u015ft\u0131r\u0131c\u0131 bir \u0131\u015f\u0131k k\u00fcresi g\u00f6ky\u00fcz\u00fcn\u00fc doldurdu. Ard\u0131ndan devasa bir enerji dalgas\u0131 yay\u0131ld\u0131; \u00e7\u00f6l, bir anda g\u00fcnd\u00fcze d\u00f6n\u00fc\u015fm\u00fc\u015f gibi ayd\u0131nland\u0131. Toz bulutlar\u0131 ve \u015fiddetli r\u00fczg\u00e2r her y\u00f6ne yay\u0131ld\u0131. Trinity deneyi, insanl\u0131\u011f\u0131n n\u00fckleer \u00e7a\u011fa ilk ad\u0131m\u0131yd\u0131.<\/p>\n\n\n\n<p>Ancak bu deney yaln\u0131zca bilimsel bir d\u00f6n\u00fcm noktas\u0131 de\u011fildi. Oppenheimer i\u00e7in ayn\u0131 zamanda derin bir vicdani sorgulaman\u0131n ba\u015flang\u0131c\u0131n\u0131 temsil ediyordu. Patlama sonras\u0131nda dile getirdi\u011fi, Hindu kutsal metinlerinden esinlenerek s\u00f6yledi\u011fi \u015fu s\u00f6zleri tarihe ge\u00e7ti:<br>\u201c\u015eimdi ben \u00f6l\u00fcm oldum, d\u00fcnyalar\u0131n yok edicisi\u2026\u201d<\/p>\n\n\n\n<p>Bu ifade, onun i\u00e7sel \u00e7alkant\u0131lar\u0131n\u0131 ve atom bombas\u0131n\u0131n y\u0131k\u0131c\u0131 potansiyeli kar\u015f\u0131s\u0131nda ya\u015fad\u0131\u011f\u0131 derin endi\u015feyi g\u00f6zler \u00f6n\u00fcne seriyordu. Trinity deneyi, bilimsel anlamda b\u00fcy\u00fck bir ba\u015far\u0131 olarak kayda ge\u00e7se de Oppenheimer\u2019\u0131n ruhsal d\u00fcnyas\u0131nda kal\u0131c\u0131 bir sars\u0131nt\u0131 yaratm\u0131\u015ft\u0131. N\u00fckleer silahlar\u0131n insanl\u0131k i\u00e7in ta\u015f\u0131d\u0131\u011f\u0131 etik ve ahlaki sorunlarla y\u00fczle\u015fmek, onun hayat\u0131nda geri d\u00f6n\u00fc\u015f\u00fc olmayan bir d\u00f6nemece i\u015faret ediyordu.<\/p>\n\n\n\n<h2 class=\"wp-block-heading\" id=\"hirosima-ve-nagasaki-sonrasi-siyasi-ve-etik-tepkileri\">Hiro\u015fima ve Nagasaki Sonras\u0131 Siyasi ve Etik Tepkileri<\/h2>\n\n\n\n<p>Robert Oppenheimer, atom bombas\u0131n\u0131n Hiro\u015fima ve Nagasaki&#8217;ye at\u0131lmas\u0131n\u0131n ard\u0131ndan derin etik ve siyasi tepkiler geli\u015ftirdi. Sava\u015ftan hemen sonra, n\u00fckleer silahlar\u0131 &#8220;sald\u0131rganl\u0131k, s\u00fcrpriz ve ter\u00f6r ara\u00e7lar\u0131&#8221; olarak nitelendirdi ve silah end\u00fcstrisinden &#8220;\u015feytan\u0131n i\u015fi&#8221; olarak bahsetmi\u015ftir. 1945&#8217;in Ekim ay\u0131nda Ba\u015fkan Truman ile yapt\u0131\u011f\u0131 g\u00f6r\u00fc\u015fmede, &#8220;Ellerimde kan oldu\u011funu hissediyorum&#8221; ifadesini kullanarak bomban\u0131n y\u0131k\u0131c\u0131 sonu\u00e7lar\u0131ndan duydu\u011fu vicdan azab\u0131n\u0131 a\u00e7\u0131k\u00e7a ortaya koydu. Ancak Truman, bu s\u00f6zlere sert tepki g\u00f6sterdi ve Oppenheimer&#8217;\u0131 tekrar g\u00f6rmek istemedi\u011fini belirtti.<\/p>\n\n\n\n<h2 class=\"wp-block-heading\" id=\"oppenheimer-in-bilimsel-katkilari-ve-arastirma-alanlari\">Oppenheimer\u2019\u0131n Bilimsel Katk\u0131lar\u0131 ve Ara\u015ft\u0131rma Alanlar\u0131<\/h2>\n\n\n\n<p>Robert Oppenheimer, teorik astronomi, n\u00fckleer fizik, spektroskopi ve kuantum elektrodinami\u011fi gibi alanlarda \u00f6nemli katk\u0131larda bulunmu\u015ftur. Molek\u00fcler dalga fonksiyonlar\u0131 i\u00e7in geli\u015ftirdi\u011fi Born-Oppenheimer yakla\u015f\u0131m\u0131, kuantum mekani\u011fine \u00f6nemli katk\u0131lar sa\u011flam\u0131\u015ft\u0131r. Ayr\u0131ca n\u00f6tron, mezon ve n\u00f6tron y\u0131ld\u0131z\u0131 gibi kavramlar\u0131n teorik temellerini atm\u0131\u015f, kozmik \u0131\u015f\u0131nlar ve kuantum t\u00fcnelleme prensipleri \u00fczerinde \u00e7al\u0131\u015fmalar yapm\u0131\u015ft\u0131r. Oppenheimer-Phillips s\u00fcreci olarak bilinen radyoaktivite ve d\u00f6teryum bombard\u0131man\u0131 teorisi onun en tan\u0131nm\u0131\u015f \u00e7al\u0131\u015fmalar\u0131d\u0131r.<\/p>\n\n\n\n<h2 class=\"wp-block-heading\" id=\"robert-oppenheimer-in-etik-yaklasimi-ve-felsefi-durusu\">Robert Oppenheimer\u2019\u0131n Etik Yakla\u015f\u0131m\u0131 ve Felsefi Duru\u015fu<\/h2>\n\n\n\n<figure class=\"wp-block-image size-full\"><img loading=\"lazy\" decoding=\"async\" width=\"457\" height=\"457\" src=\"https:\/\/skywolt.com\/wp-content\/uploads\/2023\/11\/robert-oppenheimer-hakkinda.jpg\" alt=\"\" class=\"wp-image-947\" srcset=\"https:\/\/skywolt.com\/wp-content\/uploads\/2023\/11\/robert-oppenheimer-hakkinda.jpg 457w, https:\/\/skywolt.com\/wp-content\/uploads\/2023\/11\/robert-oppenheimer-hakkinda-300x300.jpg 300w, https:\/\/skywolt.com\/wp-content\/uploads\/2023\/11\/robert-oppenheimer-hakkinda-150x150.jpg 150w, https:\/\/skywolt.com\/wp-content\/uploads\/2023\/11\/robert-oppenheimer-hakkinda-12x12.jpg 12w\" sizes=\"auto, (max-width: 457px) 100vw, 457px\" \/><\/figure>\n\n\n\n<p>Oppenheimer, atom bombas\u0131n\u0131n yarat\u0131lmas\u0131 s\u00fcrecinde ve sonras\u0131nda bilimin etik sorumluluklar\u0131n\u0131 derinlemesine d\u00fc\u015f\u00fcnm\u00fc\u015ft\u00fcr. Trinity testi s\u0131ras\u0131nda Bhagavad Gita\u2019dan al\u0131nt\u0131 yaparak &#8220;\u015eimdi ben \u00f6l\u00fcm oldum, d\u00fcnyalar\u0131n yok edicisi&#8221; s\u00f6zleriyle ya\u015fad\u0131\u011f\u0131 vicdani y\u00fck\u00fc ifade etmi\u015ftir.<\/p>\n\n\n\n<p>Bilimsel ba\u015far\u0131lar\u0131n insanl\u0131k \u00fczerindeki olumsuz etkilerini fark eden Oppenheimer, n\u00fckleer silahlar\u0131n yay\u0131lmas\u0131n\u0131 \u00f6nlemek i\u00e7in siyasi s\u00fcre\u00e7lerde aktif rol alm\u0131\u015f ve etik endi\u015felerini dile getirmi\u015ftir. Onun felsefi duru\u015fu, bilginin g\u00fcce d\u00f6n\u00fc\u015fme potansiyeline kar\u015f\u0131 uyan\u0131k olunmas\u0131 ve sorumluluk bilinci ta\u015f\u0131nmas\u0131 gerekti\u011fini vurgular.<\/p>\n\n\n\n<h2 class=\"wp-block-heading\" id=\"oppenheimer-in-modern-bilime-ve-politikaya-etkisi\">Oppenheimer\u2019\u0131n Modern Bilime ve Politikaya Etkisi<\/h2>\n\n\n\n<p>Oppenheimer, modern bilimin geli\u015fiminde teorik fizik alan\u0131ndaki katk\u0131lar\u0131yla iz b\u0131rakm\u0131\u015f ve n\u00fckleer \u00e7a\u011f\u0131n ba\u015flamas\u0131nda kritik bir rol oynam\u0131\u015ft\u0131r. Manhattan Projesi ile bilimin askeri ve siyasete do\u011frudan etkisini g\u00f6stermi\u015f, bilim insanlar\u0131n\u0131n etik sorumluluklar\u0131 ile devlet politikalar\u0131 aras\u0131ndaki ili\u015fkiyi g\u00f6r\u00fcn\u00fcr k\u0131lm\u0131\u015ft\u0131r. So\u011fuk Sava\u015f d\u00f6neminde n\u00fckleer silahlanman\u0131n kontrol\u00fc ve uluslararas\u0131 g\u00fcvenlik konular\u0131nda etkili olmu\u015f, bilim ile politika aras\u0131nda k\u00f6pr\u00fc kurma \u00e7abalar\u0131 ve etik duru\u015fu nedeniyle hem destek hem de ele\u015ftiri alm\u0131\u015ft\u0131r.&nbsp;<\/p>\n\n\n\n<h2 class=\"wp-block-heading\" id=\"robert-oppenheimer-hakkinda-cok-bilinmeyen-bilgiler\">Robert Oppenheimer Hakk\u0131nda \u00c7ok Bilinmeyen Bilgiler<\/h2>\n\n\n\n<p>Robert Oppenheimer, bilim d\u00fcnyas\u0131nda yaln\u0131zca &#8220;atom bombas\u0131n\u0131n babas\u0131&#8221; olarak de\u011fil, ayn\u0131 zamanda bir\u00e7ok y\u00f6n\u00fcyle bilinmeyen bir fig\u00fcrd\u00fcr. \u00d6rne\u011fin, gen\u00e7 ya\u015flar\u0131nda mistisizme ve do\u011fu felsefelerine derin ilgi duymu\u015f, Bhagavad Gita gibi metinleri s\u0131k\u00e7a okumu\u015ftur. Ayr\u0131ca akademik kariyeri boyunca \u00e7evresindekiler aras\u0131nda karizmatik ve entelekt\u00fcel ki\u015fili\u011fiyle tan\u0131nm\u0131\u015ft\u0131r, fakat siyasi olarak sol g\u00f6r\u00fc\u015flere olan yak\u0131nl\u0131\u011f\u0131 y\u00fcz\u00fcnden FBI taraf\u0131ndan uzun s\u00fcre izlendi\u011fi bilinmektedir.<\/p>\n\n\n\n<p>Oppenheimer, b\u00fcy\u00fck bir y\u00f6netici ve organizat\u00f6r olarak bilim insanlar\u0131n\u0131 bir araya getirebilme kabiliyetiyle de \u00f6n plana \u00e7\u0131km\u0131\u015ft\u0131r. Bununla birlikte, atom bombas\u0131n\u0131n yaratt\u0131\u011f\u0131 y\u0131k\u0131c\u0131 g\u00fcc\u00fcn sorumlulu\u011funu derinden hissetti\u011fi i\u00e7in ya\u015fam\u0131n\u0131n sonraki d\u00f6nemlerinde yo\u011fun etik ikilemler ya\u015fam\u0131\u015ft\u0131r.<\/p>\n\n\n\n<h2 class=\"wp-block-heading\" id=\"robert-oppenheimer-in-bilime-savasa-ve-topluma-biraktigi-miras\">Robert Oppenheimer\u2019\u0131n Bilime, Sava\u015fa ve Topluma B\u0131rakt\u0131\u011f\u0131 Miras<\/h2>\n\n\n\n<p>Oppenheimer\u2019\u0131n miras\u0131, sadece bilimsel bulu\u015flarla s\u0131n\u0131rl\u0131 olmay\u0131p, bilimin etik sorumluluklar\u0131 ve politik etkileri \u00fczerine derin bir fark\u0131ndal\u0131k olu\u015fturmas\u0131d\u0131r. Atom bombas\u0131n\u0131n geli\u015ftirilmesiyle insanl\u0131k tarihinin ak\u0131\u015f\u0131 de\u011fi\u015fmi\u015f, sava\u015f\u0131n \u015fiddeti ve y\u0131k\u0131c\u0131l\u0131\u011f\u0131 yeni bir boyut kazanm\u0131\u015ft\u0131r. Oppenheimer, ek olarak bilim insanlar\u0131n\u0131n ke\u015fiflerinin do\u011furabilece\u011fi etik sonu\u00e7lar\u0131 tart\u0131\u015fmaya a\u00e7m\u0131\u015f ve n\u00fckleer silahlanma kontrol\u00fc i\u00e7in m\u00fccadele etmi\u015ftir.&nbsp;<\/p>\n\n\n\n<p>Ayr\u0131ca, Toplumda bilim ve teknoloji ile etik aras\u0131ndaki ili\u015fkinin \u00f6nemini vurgulam\u0131\u015f, bilim insanlar\u0131n\u0131n toplumsal sorumluluklar\u0131n\u0131 g\u00fcndeme ta\u015f\u0131m\u0131\u015ft\u0131r. Bug\u00fcn bilimin s\u0131n\u0131rlar\u0131n\u0131 zorlayan teknolojik geli\u015fmelerde Oppenheimer\u2019\u0131n uyar\u0131lar\u0131 ve etik kayg\u0131lar\u0131 h\u00e2l\u00e2 ge\u00e7erlili\u011fini korumaktad\u0131r.<\/p>","protected":false},"excerpt":{"rendered":"<p>Robert Oppenheimer Kimdir? Atom bombas\u0131n\u0131 kim buldu? sorusuna cevap ararken kar\u015f\u0131m\u0131za \u00e7\u0131kan Julius Robert Oppenheimer (22 Nisan 1904 \u2013 18 \u015eubat 1967), II. D\u00fcnya Sava\u015f\u0131 d\u00f6neminde Los Alamos Laboratuvar\u0131\u2019n\u0131n ba\u015fkanl\u0131\u011f\u0131n\u0131 \u00fcstlenen Amerikal\u0131 bir teorik fizik\u00e7iydi. Manhattan Projesi kapsam\u0131nda y\u00fcr\u00fct\u00fclen ve ilk n\u00fckleer silahlar\u0131n geli\u015ftirilmesine \u00f6nc\u00fcl\u00fck eden \u00e7al\u0131\u015fmalardaki rol\u00fc nedeniyle s\u0131kl\u0131kla \u201catom bombas\u0131n\u0131n babas\u0131\u201d olarak adland\u0131r\u0131lm\u0131\u015ft\u0131r. [&hellip;]<\/p>","protected":false},"author":1,"featured_media":944,"comment_status":"open","ping_status":"open","sticky":false,"template":"","format":"standard","meta":{"_gspb_post_css":".gs-autolist{margin:15px 0 30px;border:1px solid #dddddd7d}.gs-autolist-item{padding:15px 15px 15px 5px;display:flex;align-items:center}.gs-autolist-title,.gs-autolist-title a{font-size:18px;line-height:24px;text-decoration:none}#gspb_toc-id-gsbp-479e7bf .gs-autolist-item{background-color:#fff}#gspb_toc-id-gsbp-479e7bf .gs-autolist-item:nth-child(2n){background-color:#eee}#gspb_toc-id-gsbp-479e7bf .gs-autolist-title a{color:#000}#gspb_toc-id-gsbp-479e7bf .gs-autolist-number{border-radius:50%;margin:0 20px 0 15px;text-align:center;font-weight:700;background-color:#de1414;color:#fff;height:25px;line-height:25px;width:25px;font-size:16px;min-width:25px}#gspb_toc-id-gsbp-479e7bf .gs_sub_heading .gs-autolist-number{font-size:70%}","footnotes":""},"categories":[16],"tags":[],"class_list":["post-883","post","type-post","status-publish","format-standard","has-post-thumbnail","hentry","category-elektrik-tarihi"],"blocksy_meta":[],"_links":{"self":[{"href":"https:\/\/skywolt.com\/ro\/wp-json\/wp\/v2\/posts\/883","targetHints":{"allow":["GET"]}}],"collection":[{"href":"https:\/\/skywolt.com\/ro\/wp-json\/wp\/v2\/posts"}],"about":[{"href":"https:\/\/skywolt.com\/ro\/wp-json\/wp\/v2\/types\/post"}],"author":[{"embeddable":true,"href":"https:\/\/skywolt.com\/ro\/wp-json\/wp\/v2\/users\/1"}],"replies":[{"embeddable":true,"href":"https:\/\/skywolt.com\/ro\/wp-json\/wp\/v2\/comments?post=883"}],"version-history":[{"count":1,"href":"https:\/\/skywolt.com\/ro\/wp-json\/wp\/v2\/posts\/883\/revisions"}],"predecessor-version":[{"id":949,"href":"https:\/\/skywolt.com\/ro\/wp-json\/wp\/v2\/posts\/883\/revisions\/949"}],"wp:featuredmedia":[{"embeddable":true,"href":"https:\/\/skywolt.com\/ro\/wp-json\/wp\/v2\/media\/944"}],"wp:attachment":[{"href":"https:\/\/skywolt.com\/ro\/wp-json\/wp\/v2\/media?parent=883"}],"wp:term":[{"taxonomy":"category","embeddable":true,"href":"https:\/\/skywolt.com\/ro\/wp-json\/wp\/v2\/categories?post=883"},{"taxonomy":"post_tag","embeddable":true,"href":"https:\/\/skywolt.com\/ro\/wp-json\/wp\/v2\/tags?post=883"}],"curies":[{"name":"wp","href":"https:\/\/api.w.org\/{rel}","templated":true}]}}