{"id":879,"date":"2023-11-21T13:05:05","date_gmt":"2023-11-21T13:05:05","guid":{"rendered":"https:\/\/startersites.io\/blocksy\/daily-news\/?p=879"},"modified":"2025-10-31T12:06:30","modified_gmt":"2025-10-31T12:06:30","slug":"albert-einstein-kimdir-hayati-ve-buluslari","status":"publish","type":"post","link":"https:\/\/skywolt.com\/ro\/elektrik-tarihi\/albert-einstein-kimdir-hayati-ve-buluslari\/","title":{"rendered":"Albert Einstein Kimdir? Hayat\u0131 ve Bulu\u015flar\u0131"},"content":{"rendered":"<div class=\"wp-block-greenshift-blocks-toc gs-toc gspb_toc-id-gsbp-db18789\" id=\"gspb_toc-id-gsbp-db18789\" itemscope itemtype=\"\"><div class=\"gs-autolist\"><div class=\"gs-autolist-item\" itemscope><span class=\"gs-autolist-number\">1<\/span><span class=\"gs-autolist-title\"><meta itemprop=\"name\" content=\"&nbsp;Albert Einstein Kimdir?\"\/><a class=\"gs-scrollto\" href=\"#albert-einstein-kimdir\">&nbsp;Albert Einstein Kimdir?<\/a><\/span><\/div><div class=\"gs-autolist-item\" itemscope><span class=\"gs-autolist-number\">2<\/span><span class=\"gs-autolist-title\"><meta itemprop=\"name\" content=\"&nbsp;Albert Einstein\u2019in Hayat\u0131 ve E\u011fitim S\u00fcreci\"\/><a class=\"gs-scrollto\" href=\"#albert-einstein-in-hayati-ve-egitim-sureci\">&nbsp;Albert Einstein\u2019in Hayat\u0131 ve E\u011fitim S\u00fcreci<\/a><\/span><\/div><div class=\"gs-autolist-item\" itemscope><span class=\"gs-autolist-number\">3<\/span><span class=\"gs-autolist-title\"><meta itemprop=\"name\" content=\"&nbsp;Albert Einstein\u2019in Bilime Katk\u0131lar\u0131\"\/><a class=\"gs-scrollto\" href=\"#albert-einstein-in-bilime-katkilari\">&nbsp;Albert Einstein\u2019in Bilime Katk\u0131lar\u0131<\/a><\/span><\/div><div class=\"gs-autolist-item\" itemscope><span class=\"gs-autolist-number\">4<\/span><span class=\"gs-autolist-title\"><meta itemprop=\"name\" content=\"&nbsp;Nobel \u00d6d\u00fcl\u00fc ve Akademik \u00c7al\u0131\u015fmalar\u0131\"\/><a class=\"gs-scrollto\" href=\"#nobel-odulu-ve-akademik-calismalari\">&nbsp;Nobel \u00d6d\u00fcl\u00fc ve Akademik \u00c7al\u0131\u015fmalar\u0131<\/a><\/span><\/div><div class=\"gs-autolist-item\" itemscope><span class=\"gs-autolist-number\">5<\/span><span class=\"gs-autolist-title\"><meta itemprop=\"name\" content=\"&nbsp;Einstein\u2019in Enerji, I\u015f\u0131k ve Ayd\u0131nlatma Alan\u0131ndaki Etkisi\"\/><a class=\"gs-scrollto\" href=\"#einstein-in-enerji-isik-ve-aydinlatma-alanindaki-etkisi\">&nbsp;Einstein\u2019in Enerji, I\u015f\u0131k ve Ayd\u0131nlatma Alan\u0131ndaki Etkisi<\/a><\/span><\/div><div class=\"gs-autolist-item\" itemscope><span class=\"gs-autolist-number\">6<\/span><span class=\"gs-autolist-title\"><meta itemprop=\"name\" content=\"&nbsp;Albert Einstein\u2019in Siyasi ve Politik Ya\u015fam\u0131\"\/><a class=\"gs-scrollto\" href=\"#albert-einstein-in-siyasi-ve-politik-yasami\">&nbsp;Albert Einstein\u2019in Siyasi ve Politik Ya\u015fam\u0131<\/a><\/span><\/div><div class=\"gs-autolist-item\" itemscope><span class=\"gs-autolist-number\">7<\/span><span class=\"gs-autolist-title\"><meta itemprop=\"name\" content=\"&nbsp;Einstein\u2019in Bilimsel Miras\u0131 ve G\u00fcn\u00fcm\u00fcze Etkileri\"\/><a class=\"gs-scrollto\" href=\"#einstein-in-bilimsel-mirasi-ve-gunumuze-etkileri\">&nbsp;Einstein\u2019in Bilimsel Miras\u0131 ve G\u00fcn\u00fcm\u00fcze Etkileri<\/a><\/span><\/div><div class=\"gs-autolist-item\" itemscope><span class=\"gs-autolist-number\">8<\/span><span class=\"gs-autolist-title\"><meta itemprop=\"name\" content=\"&nbsp;Einstein\u2019in Bulu\u015flar\u0131n\u0131n G\u00fcn\u00fcm\u00fcz Enerji ve Ayd\u0131nlatma Teknolojilerine Yans\u0131malar\u0131\"\/><a class=\"gs-scrollto\" href=\"#einstein-in-buluslarinin-gunumuz-enerji-ve-aydinlatma-teknolojilerine-yansimalari\">&nbsp;Einstein\u2019in Bulu\u015flar\u0131n\u0131n G\u00fcn\u00fcm\u00fcz Enerji ve Ayd\u0131nlatma Teknolojilerine Yans\u0131malar\u0131<\/a><\/span><\/div><\/div><\/div>\n\n\n\n<h2 class=\"wp-block-heading\" id=\"albert-einstein-kimdir\">&nbsp;Albert Einstein Kimdir?<\/h2>\n\n\n\n<figure class=\"wp-block-image size-full\"><img loading=\"lazy\" decoding=\"async\" width=\"1008\" height=\"435\" src=\"https:\/\/skywolt.com\/wp-content\/uploads\/2023\/11\/einstein.png\" alt=\"\" class=\"wp-image-952\" srcset=\"https:\/\/skywolt.com\/wp-content\/uploads\/2023\/11\/einstein.png 1008w, https:\/\/skywolt.com\/wp-content\/uploads\/2023\/11\/einstein-300x129.png 300w, https:\/\/skywolt.com\/wp-content\/uploads\/2023\/11\/einstein-768x331.png 768w, https:\/\/skywolt.com\/wp-content\/uploads\/2023\/11\/einstein-18x8.png 18w\" sizes=\"auto, (max-width: 1008px) 100vw, 1008px\" \/><\/figure>\n\n\n\n<p>Fizik alan\u0131nda kar\u015f\u0131m\u0131za \u00e7\u0131kan en yayg\u0131n sorular <strong>Albert Einstein neyi icat etti<\/strong>? \u015feklindedir. Albert Einstein, \u00f6zel ve genel g\u00f6relilik teorilerini geli\u015ftiren Alman k\u00f6kenli bir fizik\u00e7idir. 1879 y\u0131l\u0131nda Almanya\u2019da d\u00fcnyaya gelen Einstein, 1931 y\u0131l\u0131na kadar burada ya\u015fam\u0131n\u0131 s\u00fcrd\u00fcrm\u00fc\u015ft\u00fcr. Nazi Partisi\u2019nin kendisini hedef almas\u0131n\u0131n ard\u0131ndan Almanya\u2019dan ayr\u0131larak, kendi iste\u011fiyle Alman vatanda\u015fl\u0131\u011f\u0131ndan \u00e7\u0131km\u0131\u015ft\u0131r. Hayat\u0131 boyunca iki kez evlilik yapan Einstein, ilk e\u015finden \u00fc\u00e7 \u00e7ocu\u011fu olmu\u015ftur. Zihnini bilime, sorgulamaya ve d\u00fc\u015f\u00fcnmeye adayan bilim insan\u0131, 76 ya\u015f\u0131nda New Jersey, ABD\u2019de hayata veda etmi\u015ftir.<\/p>\n\n\n\n<h2 class=\"wp-block-heading\" id=\"albert-einstein-in-hayati-ve-egitim-sureci\">&nbsp;Albert Einstein\u2019in Hayat\u0131 ve E\u011fitim S\u00fcreci<\/h2>\n\n\n\n<p>Albert Einstein, 1879 y\u0131l\u0131nda Almanya\u2019da do\u011fmu\u015f ve hen\u00fcz bir ya\u015f\u0131ndayken ailesiyle birlikte M\u00fcnih\u2019e ta\u015f\u0131nm\u0131\u015ft\u0131r. Konu\u015fma becerileri bak\u0131m\u0131ndan ya\u015f\u0131tlar\u0131na g\u00f6re geride olan Einstein, 9 ya\u015f\u0131na kadar konu\u015fma g\u00fc\u00e7l\u00fc\u011f\u00fc ya\u015fam\u0131\u015f ve ailesi bu durumdan endi\u015fe duydu\u011fu i\u00e7in onu doktora bile g\u00f6t\u00fcrm\u00fc\u015ft\u00fcr. Babas\u0131n\u0131n ona 5 ya\u015f\u0131nda hediye etti\u011fi pusula ise <strong>Albert Einstein hayat\u0131<\/strong> boyunca bilime olan ilgisinin ba\u015flang\u0131c\u0131 olmu\u015ftur. 9 ya\u015f\u0131nda ba\u015flad\u0131\u011f\u0131 okulda baz\u0131 derslerde zorlan\u0131rken, matematikte \u00fcst\u00fcn ba\u015far\u0131 g\u00f6stermi\u015ftir.<\/p>\n\n\n\n<p>Einstein\u2019in 12 ya\u015f\u0131nda amcas\u0131n\u0131n hediye etti\u011fi cebir kitab\u0131n\u0131 tamamen bitirmesi ise gelecekteki bilimsel ba\u015far\u0131lar\u0131n\u0131n erken g\u00f6stergesi olmu\u015ftur. Ancak ailesinin maddi s\u0131k\u0131nt\u0131lar ya\u015famas\u0131 nedeniyle daha sonra \u0130talya\u2019ya ta\u015f\u0131nmak zorunda kalm\u0131\u015ft\u0131r. 1896 y\u0131l\u0131nda Almanya vatanda\u015fl\u0131\u011f\u0131ndan \u00e7\u0131kan Einstein, 1901 y\u0131l\u0131na kadar vatans\u0131z kald\u0131. \u00dcniversite e\u011fitimi s\u0131ras\u0131nda felsefeye yo\u011fun ilgi duyarken, bilimsel konulara olan merak\u0131n\u0131 da s\u00fcrd\u00fcrm\u00fc\u015ft\u00fcr.<\/p>\n\n\n\n<p>1905 y\u0131l\u0131 sonras\u0131nda ise hayat\u0131nda b\u00fcy\u00fck bir d\u00f6n\u00fcm noktas\u0131 ya\u015fanm\u0131\u015f ve \u00e7e\u015fitli \u00fcniversitelerde bilim insan\u0131 unvan\u0131yla dersler vermeye ba\u015flam\u0131\u015ft\u0131r. Akademik \u00e7al\u0131\u015fmalar\u0131n\u0131 kararl\u0131l\u0131kla s\u00fcrd\u00fcren Einstein, 1921 y\u0131l\u0131nda Nobel Fizik \u00d6d\u00fcl\u00fc\u2019n\u00fc kazanm\u0131\u015ft\u0131r.<\/p>\n\n\n\n<h2 class=\"wp-block-heading\" id=\"albert-einstein-in-bilime-katkilari\">&nbsp;Albert Einstein\u2019in Bilime Katk\u0131lar\u0131<\/h2>\n\n\n\n<p>Albert Einstein, 20. y\u00fczy\u0131l\u0131n en etkili bilim insanlar\u0131ndan biri olarak kabul edilir ve modern fizi\u011fin geli\u015fiminde <strong>Albert Einstein in bulu\u015flar\u0131<\/strong>, evreni anlama bi\u00e7imimizi k\u00f6kten de\u011fi\u015ftirmi\u015ftir. Teorik fizi\u011fe getirdi\u011fi yenilik\u00e7i yakla\u015f\u0131mlar, \u00f6zellikle g\u00f6relilik teorisi ile bilimin s\u0131n\u0131rlar\u0131n\u0131 yeniden tan\u0131mlam\u0131\u015ft\u0131r. <strong>Albert Einstein bulu\u015flar\u0131 k\u0131saca<\/strong> teorik d\u00fczeyde kalmam\u0131\u015f, teknolojik ilerlemelere de zemin haz\u0131rlam\u0131\u015f, fizik ve di\u011fer bilim dallar\u0131ndaki temel kavramlar\u0131n yeniden \u015fekillenmesine yol a\u00e7m\u0131\u015ft\u0131r. Dolay\u0131s\u0131yla SkyWolt adresi olarak Einstein\u2019in bilime en \u00f6nemli katk\u0131lar\u0131n\u0131 sizler i\u00e7in a\u015fa\u011f\u0131daki \u015fekilde derledik:<\/p>\n\n\n\n<figure class=\"wp-block-image size-large\"><img loading=\"lazy\" decoding=\"async\" width=\"1024\" height=\"512\" src=\"https:\/\/skywolt.com\/wp-content\/uploads\/2023\/11\/albert-einstein-hakkinda-1024x512.avif\" alt=\"\" class=\"wp-image-953\" srcset=\"https:\/\/skywolt.com\/wp-content\/uploads\/2023\/11\/albert-einstein-hakkinda-1024x512.avif 1024w, https:\/\/skywolt.com\/wp-content\/uploads\/2023\/11\/albert-einstein-hakkinda-300x150.avif 300w, https:\/\/skywolt.com\/wp-content\/uploads\/2023\/11\/albert-einstein-hakkinda-768x384.avif 768w, https:\/\/skywolt.com\/wp-content\/uploads\/2023\/11\/albert-einstein-hakkinda-1536x768.avif 1536w, https:\/\/skywolt.com\/wp-content\/uploads\/2023\/11\/albert-einstein-hakkinda-2048x1024.avif 2048w, https:\/\/skywolt.com\/wp-content\/uploads\/2023\/11\/albert-einstein-hakkinda-18x9.avif 18w\" sizes=\"auto, (max-width: 1024px) 100vw, 1024px\" \/><\/figure>\n\n\n\n<h3 class=\"wp-block-heading\" id=\"izafiyet-teorisi-ozel-ve-genel-gorelilik\">&nbsp;\u0130zafiyet Teorisi: \u00d6zel ve Genel G\u00f6relilik<\/h3>\n\n\n\n<p>\u00d6zel ve genel g\u00f6relilik kuramlar\u0131, <strong>Albert Einstein fizik bilimine katk\u0131lar\u0131<\/strong> aras\u0131nda yer al\u0131r. \u00d6zel g\u00f6relilik teorisi, \u0131\u015f\u0131k h\u0131z\u0131na yak\u0131n h\u0131zlarda hareket eden cisimlerin davran\u0131\u015flar\u0131n\u0131 a\u00e7\u0131klar. Bu teoriye g\u00f6re, bir cismin uzunlu\u011fu veya ge\u00e7en zaman, g\u00f6zlemcinin hareket durumuna ba\u011fl\u0131 olarak de\u011fi\u015fir. \u00d6nceden mutlak kabul edilen \u201czaman\u201d kavram\u0131, Einstein\u2019\u0131n ortaya koydu\u011fu bu yakla\u015f\u0131mla uzay ve hareketle do\u011frudan ili\u015fkili fiziksel bir olgu haline gelmi\u015ftir. Art\u0131k uzay yaln\u0131zca \u00fc\u00e7 boyutlu bir yap\u0131 de\u011fil, zamanla birle\u015ferek d\u00f6rt boyutlu dinamik bir sistem, yani uzay-zaman olarak tan\u0131mlanm\u0131\u015ft\u0131r.<\/p>\n\n\n\n<p>Einstein daha sonra \u00f6zel g\u00f6relilik teorisini geli\u015ftirerek k\u00fctle\u00e7ekim etkisini de i\u00e7ine alan genel g\u00f6relilik kuram\u0131n\u0131 olu\u015fturdu. Bu kurama g\u00f6re, k\u00fctlesi b\u00fcy\u00fck g\u00f6k cisimleri uzay-zaman\u0131 b\u00fcker ve bu b\u00fck\u00fclme, \u0131\u015f\u0131\u011f\u0131n do\u011frusal olmayan bir y\u00f6r\u00fcnge izlemesine neden olur. K\u00fctlesiz olmas\u0131na ra\u011fmen, \u0131\u015f\u0131k bu \u00e7ekimden etkilenir. Hatta yeterince yo\u011fun bir \u00e7ekim alan\u0131na girdi\u011finde \u0131\u015f\u0131\u011f\u0131n tamamen yutulmas\u0131 m\u00fcmk\u00fcnd\u00fcr. 1919 y\u0131l\u0131nda ger\u00e7ekle\u015fen G\u00fcne\u015f tutulmas\u0131 s\u0131ras\u0131nda yap\u0131lan g\u00f6zlemler, y\u0131ld\u0131z \u0131\u015f\u0131\u011f\u0131n\u0131n G\u00fcne\u015f\u2019in yan\u0131ndan ge\u00e7erken b\u00fck\u00fcld\u00fc\u011f\u00fcn\u00fc do\u011frulam\u0131\u015f ve Einstein\u2019\u0131n teorisine ilk deneysel kan\u0131t\u0131 sa\u011flam\u0131\u015ft\u0131r.<\/p>\n\n\n\n<h3 class=\"wp-block-heading\" id=\"e-mc\u00b2-formulu-ve-enerji-kutle-donusumu\">&nbsp;E=mc\u00b2 Form\u00fcl\u00fc ve Enerji-K\u00fctle D\u00f6n\u00fc\u015f\u00fcm\u00fc<\/h3>\n\n\n\n<p>Einstein\u2019\u0131n en tan\u0131nan denklemi olan E=mc\u00b2, enerji ile k\u00fctle aras\u0131ndaki temel ili\u015fkiyi a\u00e7\u0131klar. Bu denklemde E enerji, m k\u00fctle ve c \u0131\u015f\u0131k h\u0131z\u0131n\u0131 temsil eder. Form\u00fcl, k\u00fctlenin enerjiye; enerjinin de k\u00fctleye d\u00f6n\u00fc\u015febilece\u011fini ortaya koyarak, maddenin ve enerjinin asl\u0131nda ayn\u0131 varl\u0131\u011f\u0131n farkl\u0131 bi\u00e7imleri oldu\u011funu g\u00f6stermi\u015ftir. Bu ke\u015fif, n\u00fckleer enerji \u00fcretimi ba\u015fta olmak \u00fczere modern fizi\u011fin bir\u00e7ok teknolojik geli\u015fmesinin temelini olu\u015fturmu\u015ftur.<\/p>\n\n\n\n<h3 class=\"wp-block-heading\" id=\"fotoelektrik-etki-ve-kuantum-fizigine-katkisi\">&nbsp;Fotoelektrik Etki ve Kuantum Fizi\u011fine Katk\u0131s\u0131<\/h3>\n\n\n\n<figure class=\"wp-block-image size-large\"><img loading=\"lazy\" decoding=\"async\" width=\"1024\" height=\"575\" src=\"https:\/\/skywolt.com\/wp-content\/uploads\/2023\/11\/albert-einstein-dil-cikaran-bilimci-1024x575.jpg\" alt=\"\" class=\"wp-image-954\" srcset=\"https:\/\/skywolt.com\/wp-content\/uploads\/2023\/11\/albert-einstein-dil-cikaran-bilimci-1024x575.jpg 1024w, https:\/\/skywolt.com\/wp-content\/uploads\/2023\/11\/albert-einstein-dil-cikaran-bilimci-300x169.jpg 300w, https:\/\/skywolt.com\/wp-content\/uploads\/2023\/11\/albert-einstein-dil-cikaran-bilimci-768x431.jpg 768w, https:\/\/skywolt.com\/wp-content\/uploads\/2023\/11\/albert-einstein-dil-cikaran-bilimci-18x10.jpg 18w, https:\/\/skywolt.com\/wp-content\/uploads\/2023\/11\/albert-einstein-dil-cikaran-bilimci.jpg 1150w\" sizes=\"auto, (max-width: 1024px) 100vw, 1024px\" \/><\/figure>\n\n\n\n<p>19. y\u00fczy\u0131l\u0131n sonlar\u0131nda fizik\u00e7iler, \u0131\u015f\u0131\u011fa maruz b\u0131rak\u0131lan metal y\u00fczeylerden elektronlar\u0131n koparak \u00e7\u0131kt\u0131\u011f\u0131n\u0131 g\u00f6zlemlemi\u015fti. Ancak bu olgunun nedeni tam olarak a\u00e7\u0131klanamam\u0131\u015ft\u0131. I\u015f\u0131\u011f\u0131n frekans\u0131 de\u011fi\u015fti\u011finde elektronlar\u0131n h\u0131z\u0131n\u0131n da de\u011fi\u015fti\u011fi fark ediliyor, fakat \u0131\u015f\u0131\u011f\u0131n \u015fiddeti art\u0131r\u0131ld\u0131\u011f\u0131nda beklenildi\u011fi gibi bir h\u0131z art\u0131\u015f\u0131 olmuyordu. Fotoelektrik etki olarak adland\u0131r\u0131lan bu olay, klasik I\u015f\u0131\u011f\u0131n Dalga Kuram\u0131 ile \u00e7eli\u015fiyordu.<\/p>\n\n\n\n<p>Einstein, 1905 y\u0131l\u0131nda bu durumu a\u00e7\u0131kl\u0131\u011fa kavu\u015fturdu. Ona g\u00f6re \u0131\u015f\u0131k, foton ad\u0131n\u0131 verdi\u011fi enerji paketlerinden olu\u015fuyordu ve her foton yaln\u0131zca bir elektron taraf\u0131ndan so\u011furulabiliyordu. Bu yakla\u015f\u0131m, fotoelektrik etkinin gizemini tamamen \u00e7\u00f6zd\u00fc. Her fotonun enerjisi, sahip oldu\u011fu frekansla do\u011fru orant\u0131l\u0131yd\u0131. Bir elektronu metal y\u00fczeyden koparabilmek i\u00e7in, \u0131\u015f\u0131\u011f\u0131n frekans\u0131n\u0131n belirli bir e\u015fik de\u011ferin \u00fczerinde olmas\u0131 gerekiyordu. Bu e\u015fik de\u011ferin alt\u0131nda kalan d\u00fc\u015f\u00fck frekansl\u0131 \u0131\u015f\u0131k, ne kadar g\u00fc\u00e7l\u00fc olursa olsun, metaldan tek bir elektron bile koparamazd\u0131.<\/p>\n\n\n\n<h2 class=\"wp-block-heading\" id=\"nobel-odulu-ve-akademik-calismalari\">&nbsp;Nobel \u00d6d\u00fcl\u00fc ve Akademik \u00c7al\u0131\u015fmalar\u0131<\/h2>\n\n\n\n<p>Albert Einstein, 20. y\u00fczy\u0131l\u0131n en etkili bilim insanlar\u0131ndan biri olarak tarihe ge\u00e7mi\u015ftir. G\u00f6relilik teorisiyle tan\u0131nan Einstein&#8217;in akademik kariyeri ise modern fizi\u011fin temellerini \u015fekillendiren \u00e7ok say\u0131da \u00f6nemli \u00e7al\u0131\u015fma i\u00e7ermektedir.&nbsp; \u00d6te yandan, Nobel \u00d6d\u00fcl\u00fc alan Einstein&#8217;in bilimsel miras\u0131, g\u00fcn\u00fcm\u00fcz teknolojilerini hala etkilemeye devam etmektedir.<\/p>\n\n\n\n<h3 class=\"wp-block-heading\" id=\"1921-nobel-fizik-odulu\">&nbsp;1921 Nobel Fizik \u00d6d\u00fcl\u00fc<\/h3>\n\n\n\n<figure class=\"wp-block-image size-large\"><img loading=\"lazy\" decoding=\"async\" width=\"1024\" height=\"576\" src=\"https:\/\/skywolt.com\/wp-content\/uploads\/2023\/11\/albert-einstein-mc2-1024x576.png\" alt=\"\" class=\"wp-image-955\" srcset=\"https:\/\/skywolt.com\/wp-content\/uploads\/2023\/11\/albert-einstein-mc2-1024x576.png 1024w, https:\/\/skywolt.com\/wp-content\/uploads\/2023\/11\/albert-einstein-mc2-300x169.png 300w, https:\/\/skywolt.com\/wp-content\/uploads\/2023\/11\/albert-einstein-mc2-768x432.png 768w, https:\/\/skywolt.com\/wp-content\/uploads\/2023\/11\/albert-einstein-mc2-18x10.png 18w, https:\/\/skywolt.com\/wp-content\/uploads\/2023\/11\/albert-einstein-mc2.png 1400w\" sizes=\"auto, (max-width: 1024px) 100vw, 1024px\" \/><\/figure>\n\n\n\n<p>Albert Einstein Nobel \u00d6d\u00fcl\u00fc&#8217;n\u00fc 1921 y\u0131l\u0131nda kazanm\u0131\u015ft\u0131r, ancak \u00f6d\u00fcl 1922 y\u0131l\u0131nda kendisine takdim edilmi\u015ftir. Bir\u00e7ok ki\u015finin d\u00fc\u015f\u00fcnd\u00fc\u011f\u00fcn\u00fcn aksine, Einstein bu prestijli \u00f6d\u00fcl\u00fc \u00fcnl\u00fc g\u00f6relilik teorisi i\u00e7in de\u011fil, fotoelektrik etki yasas\u0131n\u0131n ke\u015ffi i\u00e7in alm\u0131\u015ft\u0131r.<\/p>\n\n\n\n<p>Fotoelektrik etki, \u0131\u015f\u0131\u011f\u0131n metal y\u00fczeylere \u00e7arpmas\u0131 sonucu elektronlar\u0131n sal\u0131nmas\u0131 olay\u0131d\u0131r. Einstein&#8217;in 1905 y\u0131l\u0131nda yay\u0131mlanan bu \u00e7al\u0131\u015fmas\u0131, \u0131\u015f\u0131\u011f\u0131n dalga olmas\u0131n\u0131n yan\u0131 s\u0131ra par\u00e7ac\u0131k (foton) \u00f6zelli\u011fi de ta\u015f\u0131d\u0131\u011f\u0131n\u0131 ortaya koymu\u015ftur. Bu devrim niteli\u011findeki ke\u015fif, kuantum fizi\u011finin temellerini atm\u0131\u015f ve modern elektronik \u00e7a\u011f\u0131n\u0131n ba\u015flang\u0131c\u0131n\u0131 m\u00fcjdelemi\u015ftir.<\/p>\n\n\n\n<h3 class=\"wp-block-heading\" id=\"princeton-yillari-ve-teorik-fizik-calismalari\">&nbsp;Princeton Y\u0131llar\u0131 ve Teorik Fizik \u00c7al\u0131\u015fmalar\u0131<\/h3>\n\n\n\n<p>1933 y\u0131l\u0131nda Nazi Almanya&#8217;s\u0131ndan ka\u00e7an Einstein, hayat\u0131n\u0131n geri kalan k\u0131sm\u0131n\u0131 Amerika Birle\u015fik Devletleri&#8217;nde, Princeton \u00dcniversitesi&#8217;ndeki \u0130leri Ara\u015ft\u0131rmalar Enstit\u00fcs\u00fc&#8217;nde ge\u00e7irmi\u015ftir. Princeton y\u0131llar\u0131, Einstein&#8217;in bilimsel kariyerinin en olgun ve \u00fcretken d\u00f6nemlerinden biri olarak bilinmektedir.<\/p>\n\n\n\n<p>Bu d\u00f6nemde Einstein&#8217;in ana ara\u015ft\u0131rmalar\u0131 ise a\u015fa\u011f\u0131daki konular etraf\u0131nda \u015fekillenmi\u015ftir:<\/p>\n\n\n\n<p><strong>Birle\u015fik Alan Teorisi \u00c7al\u0131\u015fmalar\u0131<\/strong>: Einstein, hayat\u0131n\u0131n son 30 y\u0131l\u0131n\u0131 yer\u00e7ekimi ve elektromanyetizmay\u0131 tek matematiksel \u00e7er\u00e7evede birle\u015ftirmeye adam\u0131\u015ft\u0131r. Her ne kadar bu hedefine tam anlam\u0131yla ula\u015famam\u0131\u015f olsa da, bu \u00e7al\u0131\u015fmalar g\u00fcn\u00fcm\u00fcz sicim teorisi ve kuantum yer\u00e7ekimi ara\u015ft\u0131rmalar\u0131na ilham vermi\u015ftir.<\/p>\n\n\n\n<p><strong>Kuantum Mekani\u011fi Ele\u015ftirileri<\/strong>: Einstein, kuantum mekani\u011finin olas\u0131l\u0131k\u00e7\u0131 do\u011fas\u0131n\u0131 ele\u015ftirmi\u015f ve &#8220;Tanr\u0131 zar atmaz&#8221; \u00fcnl\u00fc s\u00f6z\u00fcyle bu g\u00f6r\u00fc\u015f\u00fcn\u00fc ifade etmi\u015ftir. 1935 y\u0131l\u0131nda Boris Podolsky ve Nathan Rosen ile birlikte yay\u0131mlad\u0131\u011f\u0131 EPR paradoksu makalesi, kuantum dolan\u0131kl\u0131\u011f\u0131 konusundaki tart\u0131\u015fmalar\u0131 ba\u015flat\u0131r niteliktedir.<\/p>\n\n\n\n<p><strong>Kozmoloji Ara\u015ft\u0131rmalar\u0131<\/strong>: Einstein, evrenin yap\u0131s\u0131 ve geni\u015flemesi \u00fczerine de \u00e7al\u0131\u015fmalar yapm\u0131\u015f, genel g\u00f6relilik denklemlerine kozmolojik sabiti eklemi\u015ftir. Ba\u015flang\u0131\u00e7ta bu eklemeyi &#8220;en b\u00fcy\u00fck hatam&#8221; olarak nitelendirse de, g\u00fcn\u00fcm\u00fczde karanl\u0131k enerji kavram\u0131yla yeniden \u00f6nem kazanm\u0131\u015ft\u0131r.<\/p>\n\n\n\n<h2 class=\"wp-block-heading\" id=\"einstein-in-enerji-isik-ve-aydinlatma-alanindaki-etkisi\">&nbsp;Einstein\u2019in Enerji, I\u015f\u0131k ve Ayd\u0131nlatma Alan\u0131ndaki Etkisi<\/h2>\n\n\n\n<figure class=\"wp-block-image size-full\"><img loading=\"lazy\" decoding=\"async\" width=\"550\" height=\"309\" src=\"https:\/\/skywolt.com\/wp-content\/uploads\/2023\/11\/albert-einstein-ve-robert-oppenhaimer.jpg\" alt=\"\" class=\"wp-image-956\" srcset=\"https:\/\/skywolt.com\/wp-content\/uploads\/2023\/11\/albert-einstein-ve-robert-oppenhaimer.jpg 550w, https:\/\/skywolt.com\/wp-content\/uploads\/2023\/11\/albert-einstein-ve-robert-oppenhaimer-300x169.jpg 300w, https:\/\/skywolt.com\/wp-content\/uploads\/2023\/11\/albert-einstein-ve-robert-oppenhaimer-18x10.jpg 18w\" sizes=\"auto, (max-width: 550px) 100vw, 550px\" \/><\/figure>\n\n\n\n<p><strong>Albert Einstein \u0131n yapt\u0131\u011f\u0131 \u00e7al\u0131\u015fmalar<\/strong>, teorik fizik d\u00fcnyas\u0131n\u0131n \u00f6tesinde pratik uygulamalara da kap\u0131 a\u00e7m\u0131\u015ft\u0131r. \u00d6zellikle \u0131\u015f\u0131k fizi\u011fi ve enerji d\u00f6n\u00fc\u015f\u00fcm\u00fc alanlar\u0131ndaki ke\u015fifleri, modern ayd\u0131nlatma teknolojilerinin geli\u015fmesinde kritik rol oynam\u0131\u015ft\u0131r.<\/p>\n\n\n\n<h3 class=\"wp-block-heading\" id=\"fotoelektrik-etkinin-aydinlatma-teknolojilerine-katkisi\">&nbsp;Fotoelektrik Etkinin Ayd\u0131nlatma Teknolojilerine Katk\u0131s\u0131<\/h3>\n\n\n\n<p>Einstein&#8217;in fotoelektrik etki \u00e7al\u0131\u015fmas\u0131, g\u00fcn\u00fcm\u00fcz ayd\u0131nlatma teknolojilerinin bir\u00e7ok alan\u0131nda devrim yaratm\u0131\u015ft\u0131r. \u00d6zellikle, fotoelektrik etkinin anla\u015f\u0131lmas\u0131, yar\u0131 iletken malzemelerin geli\u015ftirilmesine zemin haz\u0131rlam\u0131\u015ft\u0131r. \u00d6rne\u011fin LED&#8217;ler, elektrik enerjisini do\u011frudan \u0131\u015f\u0131\u011fa \u00e7eviren ve Einstein&#8217;in foton teorisine dayanarak geli\u015ftirilen cihazlard\u0131r.<\/p>\n\n\n\n<p>Fotoelektrik etki, g\u00fcne\u015f panellerinin \u00e7al\u0131\u015fma prensibinin de temel kavramlar\u0131ndand\u0131r. G\u00fcne\u015f \u0131\u015f\u0131\u011f\u0131n\u0131n fotonlar\u0131, g\u00fcne\u015f h\u00fccresindeki yar\u0131 iletken malzemeye \u00e7arpt\u0131\u011f\u0131nda elektron ak\u0131\u015f\u0131 yarat\u0131r ve elektrik \u00fcretilir. Baz\u0131 d\u00fc\u015f\u00fcn\u00fcrler Einstein&#8217;in teorisi olmadan modern fotovoltaik teknolojinin m\u00fcmk\u00fcn olmayaca\u011f\u0131n\u0131 savunmaktad\u0131r.<\/p>\n\n\n\n<h3 class=\"wp-block-heading\" id=\"kuantum-teorisi-ile-isik-fizigi-arasindaki-baglantilar\">&nbsp;Kuantum Teorisi ile I\u015f\u0131k Fizi\u011fi Aras\u0131ndaki Ba\u011flant\u0131lar<\/h3>\n\n\n\n<p>Einstein&#8217;in \u0131\u015f\u0131k fizi\u011fine katk\u0131lar\u0131, kuantum teorisinin geli\u015fiminde temel i\u015flevi g\u00f6rm\u00fc\u015ft\u00fcr. I\u015f\u0131k ve madde aras\u0131ndaki etkile\u015fimin kuantum mekaniksel a\u00e7\u0131klamas\u0131, \u00f6zellikle bir\u00e7ok modern teknolojinin temelini olu\u015fturmaktad\u0131r. Einstein, 1905 y\u0131l\u0131ndaki \u00e7al\u0131\u015fmas\u0131yla \u0131\u015f\u0131\u011f\u0131n hem dalga hem de par\u00e7ac\u0131k \u00f6zelli\u011fi ta\u015f\u0131d\u0131\u011f\u0131n\u0131 g\u00f6stermi\u015ftir. Bu kavram, daha sonra Louis de Broglie taraf\u0131ndan t\u00fcm madde par\u00e7ac\u0131klar\u0131na geni\u015fletilmi\u015f ve kuantum mekani\u011finin temel prensiplerinden biri haline gelmi\u015ftir. \u00d6rnek vermek gerekirse, elektron mikroskoplar\u0131, t\u00fcnel diyotlar\u0131 ve kuantum bilgisayarlar bu prensibin uygulamalar\u0131d\u0131r.<\/p>\n\n\n\n<p>Ayr\u0131ca, Einstein&#8217;in 1917 y\u0131l\u0131nda ke\u015ffetti\u011fi uyar\u0131lm\u0131\u015f emisyon prensibi, LASER teknolojisinin de temelini olu\u015fturmu\u015ftur. Modern lazerler, fiber optik ileti\u015fimden, hassas cerrahi m\u00fcdahalelere, end\u00fcstriyel kesimden holografi teknolojisine kadar say\u0131s\u0131z alanda kullan\u0131lmaktad\u0131r.<\/p>\n\n\n\n<h2 class=\"wp-block-heading\" id=\"albert-einstein-in-siyasi-ve-politik-yasami\">&nbsp;Albert Einstein\u2019in Siyasi ve Politik Ya\u015fam\u0131<\/h2>\n\n\n\n<p>Albert Einstein, sadece bilim alan\u0131ndaki katk\u0131lar\u0131yla de\u011fil, ayn\u0131 zamanda aktif siyasi ve sosyal ya\u015fam\u0131yla da tan\u0131n\u0131r. Einstein kendini sosyalist olarak tan\u0131mlam\u0131\u015f, sava\u015f kar\u015f\u0131t\u0131 ve fa\u015fizme kar\u015f\u0131 m\u00fccadelede \u00f6n planda olmu\u015f, sivil haklar hareketlerine destek vermi\u015ftir. \u00d6zellikle Nazizmin y\u00fckseli\u015fi d\u00f6neminde Almanya&#8217;dan ayr\u0131larak Amerika&#8217;ya yerle\u015fmi\u015f ve ABD&#8217;de \u0131rk\u00e7\u0131l\u0131\u011fa kar\u015f\u0131 hassasiyet g\u00f6stermi\u015ftir.<\/p>\n\n\n\n<p>Einstein, ayn\u0131 zamanda sosyalizm fikrine g\u00fc\u00e7l\u00fc bir ba\u011fl\u0131l\u0131k duymu\u015f, \u00fcretim ara\u00e7lar\u0131n\u0131n toplum m\u00fclk\u00fc olmas\u0131, ordu ve s\u0131n\u0131f tahakk\u00fcm\u00fcn\u00fcn ortadan kald\u0131r\u0131lmas\u0131 gibi sosyalist ilkeleri savunmu\u015ftur. Ancak Marksist s\u0131n\u0131f analizine tam olarak kat\u0131lmam\u0131\u015f ve sosyal demokratlara kar\u015f\u0131 da g\u00fcven sorunlar\u0131 ya\u015fam\u0131\u015ft\u0131r. Ayr\u0131ca SSCB ile karma\u015f\u0131k ili\u015fkileri olmu\u015f, Sovyetler Birli\u011fi&#8217;ne baz\u0131 durumlarda sempati g\u00f6stermi\u015f ancak ele\u015ftirilerini de dile getirmi\u015ftir.<\/p>\n\n\n\n<h2 class=\"wp-block-heading\" id=\"einstein-in-bilimsel-mirasi-ve-gunumuze-etkileri\">&nbsp;Einstein\u2019in Bilimsel Miras\u0131 ve G\u00fcn\u00fcm\u00fcze Etkileri<\/h2>\n\n\n\n<p>Albert Einstein\u2019in bilime katk\u0131lar\u0131, modern fizi\u011fin temel ta\u015flar\u0131n\u0131 olu\u015fturmakla kalmay\u0131p, g\u00fcn\u00fcm\u00fczde bilim ve teknoloji alan\u0131nda derin etkiler yaratmaya da devam etmektedir. \u00d6rne\u011fin en \u00f6nemli katk\u0131lar\u0131ndan biri olan genel g\u00f6relilik teorisi, uzay-zaman\u0131n e\u011frili\u011fi ve k\u00fctle\u00e7ekim kavram\u0131n\u0131 yeniden tan\u0131mlayarak evrenin i\u015fleyi\u015fine dair devrim niteli\u011finde anlay\u0131\u015f sa\u011flam\u0131\u015ft\u0131r.<\/p>\n\n\n\n<p>\u00d6zel g\u00f6relilik teorisi ise zaman ve uzay\u0131n g\u00f6recelili\u011fini ortaya koymu\u015f, \u0131\u015f\u0131k h\u0131z\u0131n\u0131n evrendeki sabit en y\u00fcksek h\u0131z oldu\u011funu g\u00f6stermi\u015ftir. Fotoelektrik etki teorisi ise kuantum fizi\u011fi alan\u0131n\u0131n geli\u015fimine \u00f6nc\u00fcl\u00fck etmi\u015f ve g\u00fcne\u015f enerjisi teknolojilerinin temelini olu\u015fturmu\u015ftur.&nbsp;<\/p>\n\n\n\n<h2 class=\"wp-block-heading\" id=\"einstein-in-buluslarinin-gunumuz-enerji-ve-aydinlatma-teknolojilerine-yansimalari\">&nbsp;Einstein\u2019in Bulu\u015flar\u0131n\u0131n G\u00fcn\u00fcm\u00fcz Enerji ve Ayd\u0131nlatma Teknolojilerine Yans\u0131malar\u0131<\/h2>\n\n\n\n<p>Albert Einstein\u2019in bulu\u015flar\u0131, g\u00fcn\u00fcm\u00fcz enerji ve ayd\u0131nlatma teknolojilerinde do\u011frudan ve dolayl\u0131 etkiler yaratm\u0131\u015ft\u0131r. En \u00f6nemli katk\u0131s\u0131, <img loading=\"lazy\" decoding=\"async\" src=\"blob:https:\/\/skywolt.com\/85f401ea-a658-4b39-91ab-797838f94299\" width=\"56\" height=\"27\"> form\u00fcl\u00fc ile k\u00fctle ve enerji aras\u0131ndaki e\u015fde\u011ferlik ilkesini ortaya koymas\u0131d\u0131r. Bu ke\u015fif, n\u00fckleer enerjinin temelini olu\u015fturmu\u015f ve enerji \u00fcretiminde devrim yaratm\u0131\u015ft\u0131r. Ayr\u0131ca N\u00fckleer enerji santralleri, bu prensip temelle elektrik \u00fcretiminde \u00f6nemli bir kaynak olmu\u015ftur.<\/p>\n\n\n\n<p>Ek olarak, Einstein\u2019\u0131n fotoelektrik etki \u00fczerine yapt\u0131\u011f\u0131 \u00e7al\u0131\u015fma, \u0131\u015f\u0131\u011f\u0131n par\u00e7ac\u0131k do\u011fas\u0131n\u0131 ortaya koymu\u015f ve kuantum mekani\u011finin geli\u015fimine \u00f6nc\u00fcl\u00fck etmi\u015ftir. Fotoelektrik etki, g\u00fcne\u015f panelleri gibi yenilenebilir enerji teknolojilerinde temel prensip olarak kullan\u0131l\u0131r. \u0130laveten, g\u00fcne\u015f enerjisinin elektrik enerjisine d\u00f6n\u00fc\u015f\u00fcm\u00fc de bu ilkeye dayan\u0131r.<\/p>\n\n\n\n<p>Einstein\u2019\u0131n teorileri, modern ayd\u0131nlatma teknolojilerinde de dolayl\u0131 olarak etkili olmu\u015ftur. Lazer teknolojisi ve fotonik cihazlar\u0131n geli\u015fimi, fotoelektrik etki anlay\u0131\u015f\u0131yla \u015fekillenmi\u015ftir. Ayr\u0131ca, Einstein-Szilard so\u011futucusu gibi \u00e7evre dostu, mekanik par\u00e7as\u0131z so\u011futma cihazlar\u0131 geli\u015ftirmeye y\u00f6nelik \u00e7al\u0131\u015fmalar\u0131 da enerji verimlili\u011fi a\u00e7\u0131s\u0131ndan \u00f6nemlidir.<\/p>","protected":false},"excerpt":{"rendered":"<p>&nbsp;Albert Einstein Kimdir? Fizik alan\u0131nda kar\u015f\u0131m\u0131za \u00e7\u0131kan en yayg\u0131n sorular Albert Einstein neyi icat etti? \u015feklindedir. Albert Einstein, \u00f6zel ve genel g\u00f6relilik teorilerini geli\u015ftiren Alman k\u00f6kenli bir fizik\u00e7idir. 1879 y\u0131l\u0131nda Almanya\u2019da d\u00fcnyaya gelen Einstein, 1931 y\u0131l\u0131na kadar burada ya\u015fam\u0131n\u0131 s\u00fcrd\u00fcrm\u00fc\u015ft\u00fcr. Nazi Partisi\u2019nin kendisini hedef almas\u0131n\u0131n ard\u0131ndan Almanya\u2019dan ayr\u0131larak, kendi iste\u011fiyle Alman vatanda\u015fl\u0131\u011f\u0131ndan \u00e7\u0131km\u0131\u015ft\u0131r. Hayat\u0131 boyunca [&hellip;]<\/p>","protected":false},"author":1,"featured_media":951,"comment_status":"open","ping_status":"open","sticky":false,"template":"","format":"standard","meta":{"_gspb_post_css":".gs-autolist{margin:15px 0 30px;border:1px solid #dddddd7d}.gs-autolist-item{padding:15px 15px 15px 5px;display:flex;align-items:center}.gs-autolist-title,.gs-autolist-title a{font-size:18px;line-height:24px;text-decoration:none}#gspb_toc-id-gsbp-db18789 .gs-autolist-item{background-color:#fff}#gspb_toc-id-gsbp-db18789 .gs-autolist-item:nth-child(2n){background-color:#eee}#gspb_toc-id-gsbp-db18789 .gs-autolist-title a{color:#000}#gspb_toc-id-gsbp-db18789 .gs-autolist-number{border-radius:50%;margin:0 20px 0 15px;text-align:center;font-weight:700;background-color:#de1414;color:#fff;height:25px;line-height:25px;width:25px;font-size:16px;min-width:25px}#gspb_toc-id-gsbp-db18789 .gs_sub_heading .gs-autolist-number{font-size:70%}","footnotes":""},"categories":[16],"tags":[10],"class_list":["post-879","post","type-post","status-publish","format-standard","has-post-thumbnail","hentry","category-elektrik-tarihi","tag-hot"],"blocksy_meta":[],"_links":{"self":[{"href":"https:\/\/skywolt.com\/ro\/wp-json\/wp\/v2\/posts\/879","targetHints":{"allow":["GET"]}}],"collection":[{"href":"https:\/\/skywolt.com\/ro\/wp-json\/wp\/v2\/posts"}],"about":[{"href":"https:\/\/skywolt.com\/ro\/wp-json\/wp\/v2\/types\/post"}],"author":[{"embeddable":true,"href":"https:\/\/skywolt.com\/ro\/wp-json\/wp\/v2\/users\/1"}],"replies":[{"embeddable":true,"href":"https:\/\/skywolt.com\/ro\/wp-json\/wp\/v2\/comments?post=879"}],"version-history":[{"count":2,"href":"https:\/\/skywolt.com\/ro\/wp-json\/wp\/v2\/posts\/879\/revisions"}],"predecessor-version":[{"id":1030,"href":"https:\/\/skywolt.com\/ro\/wp-json\/wp\/v2\/posts\/879\/revisions\/1030"}],"wp:featuredmedia":[{"embeddable":true,"href":"https:\/\/skywolt.com\/ro\/wp-json\/wp\/v2\/media\/951"}],"wp:attachment":[{"href":"https:\/\/skywolt.com\/ro\/wp-json\/wp\/v2\/media?parent=879"}],"wp:term":[{"taxonomy":"category","embeddable":true,"href":"https:\/\/skywolt.com\/ro\/wp-json\/wp\/v2\/categories?post=879"},{"taxonomy":"post_tag","embeddable":true,"href":"https:\/\/skywolt.com\/ro\/wp-json\/wp\/v2\/tags?post=879"}],"curies":[{"name":"wp","href":"https:\/\/api.w.org\/{rel}","templated":true}]}}