{"id":111,"date":"2023-11-14T16:42:17","date_gmt":"2023-11-14T16:42:17","guid":{"rendered":"https:\/\/startersites.io\/blocksy\/daily-news\/?p=111"},"modified":"2026-02-12T10:09:06","modified_gmt":"2026-02-12T10:09:06","slug":"sir-adam-beck-hayati-buluslari-eserleri","status":"publish","type":"post","link":"https:\/\/skywolt.com\/ro\/elektrik-tarihi\/sir-adam-beck-hayati-buluslari-eserleri\/","title":{"rendered":"Sir Adam Beck Kimdir? Hayat\u0131, Bulu\u015flar\u0131 ve Eserleri"},"content":{"rendered":"<div class=\"wp-block-greenshift-blocks-toc gs-toc gspb_toc-id-gsbp-2343930\" id=\"gspb_toc-id-gsbp-2343930\" itemscope itemtype=\"\"><div class=\"gs-autolist\"><div class=\"gs-autolist-item\" itemscope><span class=\"gs-autolist-number\">1<\/span><span class=\"gs-autolist-title\"><meta itemprop=\"name\" content=\"Sir Adam Beck Kimdir?\"\/><a class=\"gs-scrollto\" href=\"#sir-adam-beck-kimdir\">Sir Adam Beck Kimdir?<\/a><\/span><\/div><div class=\"gs-autolist-item\" itemscope><span class=\"gs-autolist-number\">2<\/span><span class=\"gs-autolist-title\"><meta itemprop=\"name\" content=\"Sir Adam Beck\u2019in Hayat\u0131 ve E\u011fitim S\u00fcreci\"\/><a class=\"gs-scrollto\" href=\"#sir-adam-beck-in-hayati-ve-egitim-sureci\">Sir Adam Beck\u2019in Hayat\u0131 ve E\u011fitim S\u00fcreci<\/a><\/span><\/div><div class=\"gs-autolist-item\" itemscope><span class=\"gs-autolist-number\">3<\/span><span class=\"gs-autolist-title\"><meta itemprop=\"name\" content=\"Sir Adam Beck Neleri \u0130cat Etti?\"\/><a class=\"gs-scrollto\" href=\"#sir-adam-beck-neleri-icat-etti\">Sir Adam Beck Neleri \u0130cat Etti?<\/a><\/span><\/div><div class=\"gs-autolist-item\" itemscope><span class=\"gs-autolist-number\">4<\/span><span class=\"gs-autolist-title\"><meta itemprop=\"name\" content=\"Sir Adam Back\u2019in Ontario\u2019da Elektrikle\u015fme Projesi ve Liderli\u011fi\"\/><a class=\"gs-scrollto\" href=\"#sir-adam-back-in-ontario-da-elektriklesme-projesi-ve-liderligi\">Sir Adam Back\u2019in Ontario\u2019da Elektrikle\u015fme Projesi ve Liderli\u011fi<\/a><\/span><\/div><div class=\"gs-autolist-item\" itemscope><span class=\"gs-autolist-number\">5<\/span><span class=\"gs-autolist-title\"><meta itemprop=\"name\" content=\"Sir Adam Beck\u2019in Elektrik Altyap\u0131s\u0131na Katk\u0131lar\u0131\"\/><a class=\"gs-scrollto\" href=\"#sir-adam-beck-in-elektrik-altyapisina-katkilari\">Sir Adam Beck\u2019in Elektrik Altyap\u0131s\u0131na Katk\u0131lar\u0131<\/a><\/span><\/div><div class=\"gs-autolist-item\" itemscope><span class=\"gs-autolist-number\">6<\/span><span class=\"gs-autolist-title\"><meta itemprop=\"name\" content=\"Sir Adam Beck'in Ucuz Elektrik \u00c7al\u0131\u015fmalar\u0131 Nelerdir?\"\/><a class=\"gs-scrollto\" href=\"#sir-adam-beck-in-ucuz-elektrik-calismalari-nelerdir\">Sir Adam Beck&#8217;in Ucuz Elektrik \u00c7al\u0131\u015fmalar\u0131 Nelerdir?<\/a><\/span><\/div><div class=\"gs-autolist-item\" itemscope><span class=\"gs-autolist-number\">7<\/span><span class=\"gs-autolist-title\"><meta itemprop=\"name\" content=\"Hidroelektrik Santralleri ve B\u00f6lgesel Elektrik Da\u011f\u0131t\u0131m\u0131\"\/><a class=\"gs-scrollto\" href=\"#hidroelektrik-santralleri-ve-bolgesel-elektrik-dagitimi\">Hidroelektrik Santralleri ve B\u00f6lgesel Elektrik Da\u011f\u0131t\u0131m\u0131<\/a><\/span><\/div><div class=\"gs-autolist-item\" itemscope><span class=\"gs-autolist-number\">8<\/span><span class=\"gs-autolist-title\"><meta itemprop=\"name\" content=\"Niagara \u015eelalesi Enerji Projeleri ile Entegrasyon\"\/><a class=\"gs-scrollto\" href=\"#niagara-selalesi-enerji-projeleri-ile-entegrasyon\">Niagara \u015eelalesi Enerji Projeleri ile Entegrasyon<\/a><\/span><\/div><div class=\"gs-autolist-item\" itemscope><span class=\"gs-autolist-number\">9<\/span><span class=\"gs-autolist-title\"><meta itemprop=\"name\" content=\"Beck\u2019in Siyasi ve Toplumsal Etkisi\"\/><a class=\"gs-scrollto\" href=\"#beck-in-siyasi-ve-toplumsal-etkisi\">Beck\u2019in Siyasi ve Toplumsal Etkisi<\/a><\/span><\/div><div class=\"gs-autolist-item\" itemscope><span class=\"gs-autolist-number\">10<\/span><span class=\"gs-autolist-title\"><meta itemprop=\"name\" content=\"Sir Adam Beck\u2019in Eserleri ve Kal\u0131c\u0131 Miras\u0131\"\/><a class=\"gs-scrollto\" href=\"#sir-adam-beck-in-eserleri-ve-kalici-mirasi\">Sir Adam Beck\u2019in Eserleri ve Kal\u0131c\u0131 Miras\u0131<\/a><\/span><\/div><div class=\"gs-autolist-item\" itemscope><span class=\"gs-autolist-number\">11<\/span><span class=\"gs-autolist-title\"><meta itemprop=\"name\" content=\"Sir Adam Beck Ne Zaman ve Neden \u00d6ld\u00fc?\"\/><a class=\"gs-scrollto\" href=\"#sir-adam-beck-ne-zaman-ve-neden-oldu\">Sir Adam Beck Ne Zaman ve Neden \u00d6ld\u00fc?<\/a><\/span><\/div><div class=\"gs-autolist-item\" itemscope><span class=\"gs-autolist-number\">12<\/span><span class=\"gs-autolist-title\"><meta itemprop=\"name\" content=\"Sir Adam Beck\u2019in Elektrikle\u015fme Tarihindeki Yeri ve \u00d6nemi\"\/><a class=\"gs-scrollto\" href=\"#sir-adam-beck-in-elektriklesme-tarihindeki-yeri-ve-onemi\">Sir Adam Beck\u2019in Elektrikle\u015fme Tarihindeki Yeri ve \u00d6nemi<\/a><\/span><\/div><\/div><\/div>\n\n\n\n<h2 class=\"wp-block-heading\" id=\"sir-adam-beck-kimdir\">Sir Adam Beck Kimdir?<\/h2>\n\n\n\n<p>Sir Adam Beck, Kanada\u2019n\u0131n elektrik enerjisi alan\u0131ndaki modernle\u015fmesini \u015fekillendiren en \u00f6nemli isimlerden biri olarak kabul edilir. 19. ve 20. y\u00fczy\u0131l\u0131n ba\u015flar\u0131nda y\u00fcr\u00fctt\u00fc\u011f\u00fc \u00e7al\u0131\u015fmalar, yaln\u0131zca Ontario eyaletinin de\u011fil t\u00fcm Kanada\u2019n\u0131n enerji altyap\u0131s\u0131n\u0131n d\u00f6n\u00fc\u015f\u00fcm\u00fcnde belirleyici bir rol oynam\u0131\u015ft\u0131r. Hem bir sanayici hem de bir kamu hizmeti savunucusu olan Beck, hidroelektrik enerjinin kamuya ait olmas\u0131 gerekti\u011fine inanan g\u00fc\u00e7l\u00fc bir siyasal fig\u00fcrd\u00fc. Onu di\u011fer isimlerden ay\u0131ran \u00f6zellik, elektri\u011fi ticari bir l\u00fcks olmaktan \u00e7\u0131kar\u0131p geni\u015f halk kitleleri i\u00e7in eri\u015filebilir bir temel ihtiya\u00e7 haline getirme konusundaki kararl\u0131l\u0131\u011f\u0131yd\u0131.<\/p>\n\n\n\n<p>\u00d6zellikle Niagara \u015eelaleleri\u2019nin enerji potansiyelinin kamu yarar\u0131na kullan\u0131lmas\u0131n\u0131 savunan yakla\u015f\u0131m\u0131, \u00fclkede \u201ckamu elektri\u011fi\u201d k\u00fclt\u00fcr\u00fcn\u00fcn olu\u015fmas\u0131na \u00f6nc\u00fcl\u00fck etti ve Beck\u2019i Kanada\u2019n\u0131n enerji tarihine y\u00f6n veren efsanevi bir isim haline getirdi.<\/p>\n\n\n\n<h2 class=\"wp-block-heading\" id=\"sir-adam-beck-in-hayati-ve-egitim-sureci\">Sir Adam Beck\u2019in Hayat\u0131 ve E\u011fitim S\u00fcreci<\/h2>\n\n\n\n<p>Adam Beck, 1857 y\u0131l\u0131nda Baden, Ontario\u2019da Almanya k\u00f6kenli bir ailenin \u00e7ocu\u011fu olarak d\u00fcnyaya geldi. \u00c7ocukluk y\u0131llar\u0131, d\u00f6nemin k\u0131rsal Kanada ya\u015fam\u0131 i\u00e7inde \u00e7al\u0131\u015fkanl\u0131k ve sorumluluk duygusuyla \u015fekillendi. E\u011fitimi boyunca \u00f6zellikle pratik el becerilerine ve teknik konulara ilgi duydu\u011fu bilinir. Ayr\u0131ca Beck\u2019in resmi e\u011fitim s\u00fcreci uzun akademik y\u0131llarla de\u011fil, do\u011frudan i\u015f ve \u00fcretim ortam\u0131nda kazand\u0131\u011f\u0131 tecr\u00fcbelerle g\u00fc\u00e7lenmi\u015ftir.<\/p>\n\n\n\n<p>Gen\u00e7 ya\u015fta babas\u0131n\u0131n purolar\u0131 i\u00e7in ah\u015fap kutu \u00fcretme i\u015fine girerek giri\u015fimcilik yolculu\u011funa ba\u015flayan Beck, k\u0131sa s\u00fcrede i\u015f d\u00fcnyas\u0131nda kendine sa\u011flam bir yer edindi. \u00dcretim sekt\u00f6r\u00fcnde g\u00f6sterdi\u011fi ba\u015far\u0131 ise onun hem mali a\u00e7\u0131dan g\u00fc\u00e7lenmesini hem de yerel toplum i\u00e7inde sayg\u0131nl\u0131k kazanmas\u0131n\u0131 sa\u011flad\u0131. Hayat\u0131 boyunca aktif bir toplum ve siyaset insan\u0131 olmay\u0131 s\u00fcrd\u00fcren Beck\u2019in 1902 y\u0131l\u0131nda Ontario Yasama Meclisi\u2019ne se\u00e7ilmesi, kamu hizmetleri alan\u0131ndaki d\u00f6n\u00fc\u015f\u00fcme \u00f6nc\u00fcl\u00fck etmesinin ilk ad\u0131m\u0131 oldu. Beck, e\u011fitime ve toplumsal refaha b\u00fcy\u00fck \u00f6nem veren bir yakla\u015f\u0131ma sahipti. Bu nedenle ya\u015fad\u0131\u011f\u0131 d\u00f6nem boyunca bir\u00e7ok sosyal projeye destek oldu.<\/p>\n\n\n\n<h2 class=\"wp-block-heading\" id=\"sir-adam-beck-neleri-icat-etti\">Sir Adam Beck Neleri \u0130cat Etti?<\/h2>\n\n\n\n<p>Sir Adam Beck bir mucit olarak bireysel teknik icatlara imza atan bir fig\u00fcr de\u011fil, daha \u00e7ok devrim niteli\u011findeki kamu hizmeti modelinin kurucusu olarak \u00f6ne \u00e7\u0131kar. Onu tarih sahnesinde benzersiz k\u0131lan, elektrik da\u011f\u0131t\u0131m\u0131n\u0131 t\u00fcm toplum i\u00e7in eri\u015filebilir k\u0131lan yap\u0131sal bir sistem icat etmi\u015f olmas\u0131d\u0131r. Beck, \u201ckamuya ait ve kamu taraf\u0131ndan i\u015fletilen elektrik\u201d anlay\u0131\u015f\u0131n\u0131 hayata ge\u00e7irerek Kanada\u2019da yeni bir enerji d\u00f6neminin ba\u015flamas\u0131n\u0131 sa\u011flam\u0131\u015ft\u0131r. Modern anlamda elektrik altyap\u0131s\u0131n\u0131n devlet eliyle kurulmas\u0131, geni\u015f alanlara g\u00fcvenilir enerji ula\u015ft\u0131r\u0131lmas\u0131 ve enerji fiyatlar\u0131n\u0131n d\u00fc\u015f\u00fcr\u00fclmesi onun vizyonunun sonucudur.<\/p>\n\n\n\n<p>Beck\u2019in en \u00f6nemli ba\u015far\u0131s\u0131, 1906 y\u0131l\u0131nda Ontario Hydro-Electric Power Commission\u2019\u0131n kurulmas\u0131na \u00f6nc\u00fcl\u00fck etmesidir. Bu kurum, d\u00fcnyan\u0131n kamuya ait ilk b\u00fcy\u00fck \u00f6l\u00e7ekli elektrik da\u011f\u0131t\u0131m sistemlerinden biri olarak tarihe ge\u00e7mi\u015ftir. Ayr\u0131ca Niagara \u015eelalesi\u2019nin hidroelektrik enerjisinin kamu yarar\u0131na kullan\u0131lmas\u0131n\u0131 sa\u011flayan projeyi hayata ge\u00e7irerek hem sanayinin geli\u015fmesine hem de hane halklar\u0131n\u0131n uygun fiyatl\u0131 enerjiye ula\u015fmas\u0131na imkan tan\u0131m\u0131\u015ft\u0131r.<\/p>\n\n\n\n<h2 class=\"wp-block-heading\" id=\"sir-adam-back-in-ontario-da-elektriklesme-projesi-ve-liderligi\">Sir Adam Back\u2019in Ontario\u2019da Elektrikle\u015fme Projesi ve Liderli\u011fi<\/h2>\n\n\n\n<p>Sir Adam Beck, Ontario\u2019da elektrikle\u015fme s\u00fcrecinin en kritik fig\u00fcr\u00fc olarak kabul edilir. 20. y\u00fczy\u0131l\u0131n ba\u015flar\u0131nda elektri\u011fin yaln\u0131zca \u00f6zel \u015firketlerin kontrol\u00fcnde, pahal\u0131 ve s\u0131n\u0131rl\u0131 bi\u00e7imde da\u011f\u0131t\u0131ld\u0131\u011f\u0131 bir d\u00f6nemde Beck, bu gidi\u015fat\u0131 de\u011fi\u015ftiren lider g\u00f6revini \u00fcstlenmi\u015ftir. Onun vizyonu, elektri\u011fin bir ticaret \u00fcr\u00fcn\u00fc de\u011fil, toplumun tamam\u0131na adil fiyatlarla ula\u015ft\u0131r\u0131lmas\u0131 gereken temel bir kamu hizmeti olmas\u0131 gerekti\u011fi y\u00f6n\u00fcndeydi. Beck\u2019in liderli\u011finde y\u00fcr\u00fct\u00fclen bu proje, \u015fehirleri ve kasabalar\u0131 hidroelektrik kaynaklarla besleyen geni\u015f \u00f6l\u00e7ekli bir da\u011f\u0131t\u0131m sisteminin kurulmas\u0131n\u0131 kaps\u0131yordu. B\u00f6ylece Ontario, k\u0131sa s\u00fcrede yaln\u0131zca Kanada\u2019n\u0131n de\u011fil, t\u00fcm Kuzey Amerika\u2019n\u0131n en geli\u015fmi\u015f kamuya ait elektrik altyap\u0131lar\u0131ndan birine sahip hale geldi.<\/p>\n\n\n\n<h2 class=\"wp-block-heading\" id=\"sir-adam-beck-in-elektrik-altyapisina-katkilari\">Sir Adam Beck\u2019in Elektrik Altyap\u0131s\u0131na Katk\u0131lar\u0131<\/h2>\n\n\n\n<p>Sir Adam Beck\u2019in elektrik altyap\u0131s\u0131na yapt\u0131\u011f\u0131 katk\u0131lar, yaln\u0131zca yeni tesisler in\u015fa etmekle s\u0131n\u0131rl\u0131 de\u011fildi. O ayn\u0131 zamanda modern elektrik y\u00f6netim modelinin mimarlar\u0131ndand\u0131. Beck, eyalet \u00e7ap\u0131nda birbirine entegre edilmi\u015f bir elektrik da\u011f\u0131t\u0131m a\u011f\u0131 kurulmas\u0131n\u0131 sa\u011flayarak hem verimlili\u011fi art\u0131rd\u0131 hem de enerji arz\u0131nda s\u00fcreklili\u011fi garanti alt\u0131na ald\u0131. Bu altyap\u0131 modelinde ise \u00fcretim, iletim ve da\u011f\u0131t\u0131m s\u00fcre\u00e7leri tek bir kamu otoritesi alt\u0131nda koordine ediliyordu. Bu sayede, farkl\u0131 b\u00f6lgeler aras\u0131nda elektrik transferi m\u00fcmk\u00fcn hale geldi ve enerji kesintilerinin azalt\u0131lmas\u0131 sa\u011fland\u0131.<\/p>\n\n\n\n<h2 class=\"wp-block-heading\" id=\"sir-adam-beck-in-ucuz-elektrik-calismalari-nelerdir\">Sir Adam Beck&#8217;in Ucuz Elektrik \u00c7al\u0131\u015fmalar\u0131 Nelerdir?<\/h2>\n\n\n\n<p>Sir Adam Beck\u2019in en bilinen \u00e7al\u0131\u015fmalar\u0131 aras\u0131nda, elektri\u011fin daha ucuz ve herkes i\u00e7in eri\u015filebilir hale getirilmesine y\u00f6nelik katk\u0131lar\u0131 bulunur. Beck, \u00f6zel \u015firketlerin elektrik fiyatlar\u0131n\u0131 yapay bi\u00e7imde y\u00fcksek tuttu\u011fu bir d\u00f6nemde, kamuya ait bir enerji sistemiyle fiyatlar\u0131n a\u015fa\u011f\u0131 \u00e7ekilebilece\u011fini savunan ilk liderlerdendir. Bu ama\u00e7la elektrik \u00fcretimini ve da\u011f\u0131t\u0131m\u0131n\u0131 k\u00e2r odakl\u0131 de\u011fil, kamu yarar\u0131na \u00e7al\u0131\u015fan bir modele d\u00f6n\u00fc\u015ft\u00fcr\u00fclmesi gerekti\u011fini savunmu\u015ftur.<\/p>\n\n\n\n<h2 class=\"wp-block-heading\" id=\"hidroelektrik-santralleri-ve-bolgesel-elektrik-dagitimi\">Hidroelektrik Santralleri ve B\u00f6lgesel Elektrik Da\u011f\u0131t\u0131m\u0131<\/h2>\n\n\n\n<p>Hidroelektrik santralleri, Sir Adam Beck\u2019in Ontario\u2019daki elektrikle\u015fme vizyonunun temelini olu\u015fturan enerji kaynaklar\u0131d\u0131r. Beck, h\u0131zl\u0131 sanayile\u015fen bir eyaletin enerji ihtiyac\u0131n\u0131 kar\u015f\u0131lamak i\u00e7in en verimli, s\u00fcrd\u00fcr\u00fclebilir ve ekonomik kayna\u011f\u0131n hidroelektrik oldu\u011funa inan\u0131yordu. D\u00f6nemin ko\u015fullar\u0131nda k\u00f6m\u00fcrle \u00e7al\u0131\u015fan tesisler y\u00fcksek maliyetli ve \u00e7evresel a\u00e7\u0131dan sorunlu g\u00f6r\u00fcl\u00fcrken, su g\u00fcc\u00fcne dayal\u0131 \u00fcretim hem daha ucuz hem de s\u00fcrekli enerji sa\u011flayabilen bir se\u00e7enekti.<\/p>\n\n\n\n<p>B\u00f6lgesel elektrik da\u011f\u0131t\u0131m\u0131nda ise Beck, merkezi planlamaya dayal\u0131 b\u00fcy\u00fck \u00f6l\u00e7ekli bir sistem geli\u015ftirdi. K\u00fc\u00e7\u00fck kasabalar, k\u0131rsal yerle\u015fimler ve geli\u015fen sanayi b\u00f6lgeleri tek bir \u015febeke alt\u0131nda birbirine ba\u011flanarak, elektrik arz\u0131 bir b\u00f6lgeden di\u011ferine kesintisiz \u015fekilde aktar\u0131labilmekteydi. Onun modeli sayesinde, enerji \u00fcretimindeki dalgalanmalar veya santrallerdeki bak\u0131m s\u00fcre\u00e7leri, eyalet genelinde kesinti ya\u015fanmas\u0131na neden olmadan y\u00f6netilebildi.<\/p>\n\n\n\n<h2 class=\"wp-block-heading\" id=\"niagara-selalesi-enerji-projeleri-ile-entegrasyon\">Niagara \u015eelalesi Enerji Projeleri ile Entegrasyon<\/h2>\n\n\n\n<p>Niagara \u015eelalesi, Sir Adam Beck\u2019in enerji politikalar\u0131n\u0131n merkezinde yer alan en stratejik kaynaklardan biriydi. \u015eelalenin devasa su potansiyeli, Kuzey Amerika\u2019n\u0131n en g\u00fc\u00e7l\u00fc yenilenebilir enerji alanlar\u0131ndan birini olu\u015fturuyordu. Ancak 20. y\u00fczy\u0131l\u0131n ba\u015f\u0131na kadar bu potansiyel b\u00fcy\u00fck \u00f6l\u00e7\u00fcde \u00f6zel \u015firketlerin kontrol\u00fcndeydi ve s\u0131n\u0131rl\u0131 kapasiteyle i\u015fletiliyordu. Beck, bu durumun yaln\u0131zca ekonomik de\u011fil, toplumsal a\u00e7\u0131dan da b\u00fcy\u00fck bir kay\u0131p oldu\u011funu savunarak, Niagara\u2019n\u0131n kamu yarar\u0131 do\u011frultusunda kullan\u0131lmas\u0131n\u0131 sa\u011flayacak projeleri ileri s\u00fcrd\u00fc.<\/p>\n\n\n\n<p>Uygulama s\u00fcrecinde Beck, Niagara\u2019daki hidroelektrik santrallerinin devlet denetiminde geni\u015fletilmesini ve elde edilen enerjinin eyalet genelindeki iletim hatlar\u0131na entegre edilmesini sa\u011flad\u0131. Y\u00fcksek gerilim hatlar\u0131n\u0131n kurulmas\u0131 ise enerjinin yaln\u0131zca b\u00fcy\u00fck \u015fehirlere de\u011fil, k\u00fc\u00e7\u00fck yerle\u015fimlere de ta\u015f\u0131nmas\u0131na imk\u00e2n verdi. B\u00f6ylece Niagara merkezli \u00fcretim, Ontario\u2019nun elektrik altyap\u0131s\u0131n\u0131n omurgas\u0131n\u0131 olu\u015fturan bir kaynak haline geldi.<\/p>\n\n\n\n<h2 class=\"wp-block-heading\" id=\"beck-in-siyasi-ve-toplumsal-etkisi\">Beck\u2019in Siyasi ve Toplumsal Etkisi<\/h2>\n\n\n\n<p>Sir Adam Beck, yaln\u0131zca bir enerji lideri de\u011fil, ayn\u0131 zamanda Kanada\u2019n\u0131n siyasi ve toplumsal d\u00f6n\u00fc\u015f\u00fcm\u00fcnde etkili olmu\u015f g\u00fc\u00e7l\u00fc bir fig\u00fcr olarak da kabul edilmektedir. Elektri\u011fin kamuya ait olmas\u0131 gerekti\u011fini savunan yakla\u015f\u0131m\u0131 ise d\u00f6nemin \u00f6zel \u015firket odakl\u0131 ekonomik anlay\u0131\u015f\u0131na meydan okuyan radikal fikir niteli\u011findeydi. Bu d\u00fc\u015f\u00fcnce ise do\u011fal olarak hem siyasi tart\u0131\u015fmalar\u0131 hem de kamu y\u00f6netimi anlay\u0131\u015f\u0131n\u0131 derinden etkilemi\u015ftir.<\/p>\n\n\n\n<p>Siyasetinin toplumsal etkisi ise daha geni\u015f bir \u00e7er\u00e7evede hissedildi. Elektri\u011fin ucuz, s\u00fcrekli ve g\u00fcvenilir bir bi\u00e7imde halka ula\u015ft\u0131r\u0131lmas\u0131, ya\u015fam standartlar\u0131nda h\u0131zl\u0131 bir y\u00fckseli\u015f yaratt\u0131. K\u0131rsal b\u00f6lgelerde tar\u0131m makinelerinin kullan\u0131labilir hale gelmesi, \u015fehirlerde yeni sanayi dallar\u0131n\u0131n ortaya \u00e7\u0131kmas\u0131 ve evlerde modern ya\u015fam\u0131n yayg\u0131nla\u015fmas\u0131 Beck\u2019in politikalar\u0131n\u0131n do\u011frudan sonu\u00e7lar\u0131yd\u0131. Bu nedenle Beck, yaln\u0131zca bir m\u00fchendislik modelinin de\u011fil, ayn\u0131 zamanda toplumsal ilerlemenin de mimar\u0131 olarak an\u0131l\u0131r.<\/p>\n\n\n\n<p>Siyasi sahnede ise Beck, kamu yarar\u0131 ad\u0131na yapt\u0131\u011f\u0131 reformlarla d\u00f6nemin h\u00fck\u00fcmetleri \u00fczerinde bask\u0131 olu\u015fturmu\u015f, uzun vadeli politikalar\u0131n \u015fekillenmesinde kilit rol oynam\u0131\u015ft\u0131r. Onun etkisiyle kamu hizmetleri ve enerji sekt\u00f6r\u00fc, yaln\u0131zca ekonomik k\u00e2r amac\u0131yla de\u011fil, toplumsal fayda \u00f6nceli\u011fiyle y\u00f6netilmesi gereken alanlar olarak g\u00f6r\u00fclmeye ba\u015flanm\u0131\u015ft\u0131r.<\/p>\n\n\n\n<h2 class=\"wp-block-heading\" id=\"sir-adam-beck-in-eserleri-ve-kalici-mirasi\">Sir Adam Beck\u2019in Eserleri ve Kal\u0131c\u0131 Miras\u0131<\/h2>\n\n\n\n<p>Sir Adam Beck\u2019in b\u0131rakt\u0131\u011f\u0131 eserler, yaln\u0131zca ya\u015fad\u0131\u011f\u0131 d\u00f6nemle s\u0131n\u0131rl\u0131 kalmayan, g\u00fcn\u00fcm\u00fcze kadar etkisini s\u00fcrd\u00fcren kapsaml\u0131 bir d\u00f6n\u00fc\u015f\u00fcm\u00fcn par\u00e7alar\u0131d\u0131r. Onun en \u00f6nemli eserleri aras\u0131nda, elektrik enerjisinin kamusal bir hak olarak kabul edilmesini sa\u011flayan kurumsal yap\u0131lanmalar bulunur. Beck\u2019in \u00f6nc\u00fcl\u00fc\u011f\u00fcnde hayata ge\u00e7irilen kamuya ait elektrik komisyonu, hem y\u00f6netim modeli hem de geni\u015fleyen enerji a\u011f\u0131yla Kanada\u2019n\u0131n altyap\u0131 tarihinde bir d\u00f6n\u00fcm noktas\u0131 olu\u015fturdu.<\/p>\n\n\n\n<p>Ayr\u0131ca Beck\u2019in ad\u0131yla an\u0131lan yollar, okullar ve kamu binalar\u0131, onun toplum i\u00e7in yapt\u0131\u011f\u0131 hizmetlerin birer sembol\u00fcd\u00fcr. \u00d6rne\u011fin Ontario\u2019daki \u201cSir Adam Beck Centre\u201d gibi yap\u0131lar, onun vizyonunun k\u00fclt\u00fcrel ve toplumsal bellekteki kar\u015f\u0131l\u0131\u011f\u0131n\u0131 g\u00fc\u00e7lendirmeye devam ediyor. \u00d6te yandan Beck\u2019in kal\u0131c\u0131 miras\u0131 yaln\u0131zca fiziki projelerde de\u011fil, ayn\u0131 zamanda kamu hizmetlerinin nas\u0131l y\u00f6netilmesi gerekti\u011fine dair olu\u015fturdu\u011fu yeni anlay\u0131\u015fta yatmaktad\u0131r.<\/p>\n\n\n\n<h2 class=\"wp-block-heading\" id=\"sir-adam-beck-ne-zaman-ve-neden-oldu\">Sir Adam Beck Ne Zaman ve Neden \u00d6ld\u00fc?<\/h2>\n\n\n\n<p>Sir Adam Beck, 15 A\u011fustos 1925 tarihinde Ontario\u2019nun Toronto kentinde hayat\u0131n\u0131 kaybetti. \u00d6l\u00fcm\u00fc, uzun s\u00fcredir s\u00fcren sa\u011fl\u0131k sorunlar\u0131n\u0131n bir sonucuydu. \u00d6zellikle yo\u011fun siyasi ve idari \u00e7al\u0131\u015fmalar\u0131n getirdi\u011fi y\u0131pranma, son y\u0131llar\u0131nda Beck\u2019in fiziksel g\u00fcc\u00fcn\u00fc ciddi \u015fekilde azaltm\u0131\u015ft\u0131. Beck\u2019in vefat\u0131 ise yaln\u0131zca devlet kurumlar\u0131nda de\u011fil, geni\u015f toplum kesimlerinde de b\u00fcy\u00fck \u00fcz\u00fcnt\u00fcyle kar\u015f\u0131lanm\u0131\u015ft\u0131r.<\/p>\n\n\n\n<h2 class=\"wp-block-heading\" id=\"sir-adam-beck-in-elektriklesme-tarihindeki-yeri-ve-onemi\">Sir Adam Beck\u2019in Elektrikle\u015fme Tarihindeki Yeri ve \u00d6nemi<\/h2>\n\n\n\n<p>Sir Adam Beck, elektrikle\u015fme tarihinin yaln\u0131zca Kanada \u00f6l\u00e7e\u011finde de\u011fil, k\u00fcresel ba\u011flamda da \u00f6nemli bir fig\u00fcr\u00fcd\u00fcr. Onu \u00f6zel k\u0131lan, elektri\u011fin topluma yayg\u0131n bi\u00e7imde ula\u015ft\u0131r\u0131lmas\u0131 i\u00e7in geli\u015ftirdi\u011fi yakla\u015f\u0131m\u0131n d\u00f6nemin yayg\u0131n kapitalist enerji politikalar\u0131n\u0131n d\u0131\u015f\u0131nda durmas\u0131d\u0131r.<\/p>\n\n\n\n<p>Beck, elektrik \u00fcretim ve da\u011f\u0131t\u0131m\u0131n\u0131n \u00f6zel \u00e7\u0131karlarla de\u011fil, toplumsal ihtiya\u00e7larla y\u00f6netilmesi gerekti\u011fini savunarak bu alanda bir paradigma de\u011fi\u015fimi yaratm\u0131\u015ft\u0131r. Bu y\u00f6n\u00fcyle elektrikle\u015fmeyi yaln\u0131zca teknik bir yenilik olarak de\u011fil, sosyal bir d\u00f6n\u00fc\u015f\u00fcm arac\u0131 olarak ele alan ilk liderlerden biri olmu\u015ftur.<\/p>","protected":false},"excerpt":{"rendered":"<p>Sir Adam Beck Kimdir? Sir Adam Beck, Kanada\u2019n\u0131n elektrik enerjisi alan\u0131ndaki modernle\u015fmesini \u015fekillendiren en \u00f6nemli isimlerden biri olarak kabul edilir. 19. ve 20. y\u00fczy\u0131l\u0131n ba\u015flar\u0131nda y\u00fcr\u00fctt\u00fc\u011f\u00fc \u00e7al\u0131\u015fmalar, yaln\u0131zca Ontario eyaletinin de\u011fil t\u00fcm Kanada\u2019n\u0131n enerji altyap\u0131s\u0131n\u0131n d\u00f6n\u00fc\u015f\u00fcm\u00fcnde belirleyici bir rol oynam\u0131\u015ft\u0131r. Hem bir sanayici hem de bir kamu hizmeti savunucusu olan Beck, hidroelektrik enerjinin kamuya ait [&hellip;]<\/p>","protected":false},"author":1,"featured_media":998,"comment_status":"open","ping_status":"open","sticky":false,"template":"","format":"standard","meta":{"_gspb_post_css":".gs-autolist{margin:15px 0 30px;border:1px solid #dddddd7d}.gs-autolist-item{padding:15px 15px 15px 5px;display:flex;align-items:center}.gs-autolist-title,.gs-autolist-title a{font-size:18px;line-height:24px;text-decoration:none}#gspb_toc-id-gsbp-2343930 .gs-autolist-item{background-color:#fff}#gspb_toc-id-gsbp-2343930 .gs-autolist-item:nth-child(2n){background-color:#eee}#gspb_toc-id-gsbp-2343930 .gs-autolist-title a{color:#000}#gspb_toc-id-gsbp-2343930 .gs-autolist-number{border-radius:50%;margin:0 20px 0 15px;text-align:center;font-weight:700;background-color:#de1414;color:#fff;height:25px;line-height:25px;width:25px;font-size:16px;min-width:25px}#gspb_toc-id-gsbp-2343930 .gs_sub_heading .gs-autolist-number{font-size:70%}","footnotes":""},"categories":[16],"tags":[9],"class_list":["post-111","post","type-post","status-publish","format-standard","has-post-thumbnail","hentry","category-elektrik-tarihi","tag-breaking"],"blocksy_meta":[],"_links":{"self":[{"href":"https:\/\/skywolt.com\/ro\/wp-json\/wp\/v2\/posts\/111","targetHints":{"allow":["GET"]}}],"collection":[{"href":"https:\/\/skywolt.com\/ro\/wp-json\/wp\/v2\/posts"}],"about":[{"href":"https:\/\/skywolt.com\/ro\/wp-json\/wp\/v2\/types\/post"}],"author":[{"embeddable":true,"href":"https:\/\/skywolt.com\/ro\/wp-json\/wp\/v2\/users\/1"}],"replies":[{"embeddable":true,"href":"https:\/\/skywolt.com\/ro\/wp-json\/wp\/v2\/comments?post=111"}],"version-history":[{"count":2,"href":"https:\/\/skywolt.com\/ro\/wp-json\/wp\/v2\/posts\/111\/revisions"}],"predecessor-version":[{"id":1000,"href":"https:\/\/skywolt.com\/ro\/wp-json\/wp\/v2\/posts\/111\/revisions\/1000"}],"wp:featuredmedia":[{"embeddable":true,"href":"https:\/\/skywolt.com\/ro\/wp-json\/wp\/v2\/media\/998"}],"wp:attachment":[{"href":"https:\/\/skywolt.com\/ro\/wp-json\/wp\/v2\/media?parent=111"}],"wp:term":[{"taxonomy":"category","embeddable":true,"href":"https:\/\/skywolt.com\/ro\/wp-json\/wp\/v2\/categories?post=111"},{"taxonomy":"post_tag","embeddable":true,"href":"https:\/\/skywolt.com\/ro\/wp-json\/wp\/v2\/tags?post=111"}],"curies":[{"name":"wp","href":"https:\/\/api.w.org\/{rel}","templated":true}]}}